{"id":1024,"date":"2010-08-28T12:15:36","date_gmt":"2010-08-28T10:15:36","guid":{"rendered":"http:\/\/www.jennyundmarcel.de\/wordpress\/?p=1024"},"modified":"2010-08-28T12:15:36","modified_gmt":"2010-08-28T10:15:36","slug":"elco-aerotop-t-07-35-und-elco-solatron-r-2-5","status":"publish","type":"post","link":"https:\/\/jennyundmarcel.de\/?p=1024","title":{"rendered":"elco AEROTOP T 07-35 und elco SOLATRON R 2.5"},"content":{"rendered":"<p>Als wir am vergangenen Mittwoch in der Bemusterung gewesen sind, haben wir auch die ersten Unterlagen zu unserer W\u00e4rmepumpe erhalten. Es handelt sich dabei um eine elco AEROTOP T 07-35 Luft-Wasser W\u00e4rmepumpe mit einer Leistung von 6,6 kW. Die Luft-Wasser W\u00e4rmepumpe erzeugt Ihr Heizw\u00e4rme aus der Umgebungsluft. Es gibt diese W\u00e4rmepumpe sowohl f\u00fcr die Installation innerhalb oder au\u00dferhalb des Geb\u00e4udes. Innerhalb des Ger\u00e4tegeh\u00e4use befindet sich ein eingebauter Pufferspeicher und die f\u00fcr die Umw\u00e4lzung ben\u00f6tigten Pumpengruppen. Die AEROTOP T W\u00e4rmepumpe soll \u00e4u\u00dferst effektiv arbeiten, denn durch den Einsatz von 1 kWh elektrischer Energie werden im Schnitt mehr als 3 kWh Heizenergie erzeugt.<\/p>\n<p><strong>Funktionsweise der W\u00e4rmepumpe:<\/strong><\/p>\n<ol>\n<li><em>Der Verdampfer<\/em><br \/>\nAus der Umgebungsluft bringt der Verdampfer das in der W\u00e4rmepumpe zirkulierende Medium mit sehr niedrigem Siedepunkt zum Verdampfen<\/li>\n<li><em>Der Verdichter bzw. Kompressor<\/em><br \/>\nDer Verdichter saugt das verdampfte Medium an und verdichtet es, um es auf ein hohes Temperaturniveau zu bringen.<\/li>\n<li><em>Der Kondensator<\/em><br \/>\nDie sich nun auf hohem Temperaturniveau befindliche Umweltenergie wird an das Heizungsmedium abgegeben. Das gasf\u00f6rmige Medium k\u00fchlt dabei ab und wird dadurch auch wieder fl\u00fcssig.<\/li>\n<li><em>Das Expansionsventil<\/em><br \/>\nIm Expansionsventil wird der Druck abgebaut und der Heizkreislauf beginnt wieder von vorne.<\/li>\n<\/ol>\n<p>Unsere elco AEROTOP T07 hat eine Heizleistung von 6,6 kW bei einer Lufttemperatur von 2\u00b0C und einer Vorlauftemperatur von 35\u00b0C. Zu der W\u00e4rmepumpe installieren wir noch drei Flachkollektoren SOLARTRON R 2.5, ebenfalls von elco. Bei einem Niedrigenergiehaus wird der gr\u00f6\u00dfte Teil der Heizenergie zur Erw\u00e4rmung des Brauchwassers ben\u00f6tigt. Mit der SOLARTRON sollen wir bis zu 60% des j\u00e4hrlichen Energieverbrauchs f\u00fcr das Brauchwasser einsparen.<\/p>\n<p>Der Flachkollektor hat eine Bruttofl\u00e4che von 2,5<em> <\/em>m<sup>2<\/sup><sup><\/sup>. Auf unserem Haus werden wir drei der Kollektoren zur Stra\u00dfenseite hin installieren, so das wir auf eine Gesamtfl\u00e4che von 7,5 m<sup>2 <\/sup>kommen.<em> <\/em>Jeder Kollektor hat ein Gewicht von 40 kg.<\/p>\n","protected":false},"excerpt":{"rendered":"<p>Als wir am vergangenen Mittwoch in der Bemusterung gewesen sind, haben wir auch die ersten Unterlagen zu unserer W\u00e4rmepumpe erhalten. Es handelt sich dabei um eine elco AEROTOP T 07-35 Luft-Wasser W\u00e4rmepumpe mit einer Leistung von 6,6 kW. Die Luft-Wasser W\u00e4rmepumpe erzeugt Ihr Heizw\u00e4rme aus der Umgebungsluft. Es gibt diese W\u00e4rmepumpe sowohl f\u00fcr die Installation [&hellip;]<\/p>\n","protected":false},"author":1,"featured_media":0,"comment_status":"open","ping_status":"closed","sticky":false,"template":"","format":"standard","meta":{"ngg_post_thumbnail":0,"jetpack_post_was_ever_published":false,"_jetpack_newsletter_access":"","_jetpack_dont_email_post_to_subs":false,"_jetpack_newsletter_tier_id":0,"_jetpack_memberships_contains_paywalled_content":false,"_jetpack_memberships_contains_paid_content":false,"footnotes":""},"categories":[554,1009,106,676],"tags":[1027,1025,1044,1028,1047,1026,1062,1059,1016,1055,1010,6495,1054,1057,1041,905,1029,1056,1053,1040,1050,1048,1039,1038,1020,1021,1061,1063,1030,1042,1043,1017,1019,1049,1035,1037,1014,1045,1032,1052,1022,1024,1051,1033,1013,1060,1011,1012,1036,1018,1023,302,1031,1034,1046,906],"class_list":["post-1024","post","type-post","status-publish","format-standard","hentry","category-bemusterung","category-dach","category-heizung","category-wasser-und-sanitar","tag-1-kwh","tag-1kwh","tag-2c","tag-3-kwh","tag-35c","tag-3kwh","tag-40-kg","tag-5-quadratmeter","tag-6-kw","tag-1055","tag-aerotop","tag-bemusterung","tag-brauchwasser","tag-bruttoflache","tag-druck","tag-elco","tag-elektrische-energie","tag-energieverbrauch","tag-erwarmung","tag-expansionsventil","tag-flachkollektor","tag-flachkollektoren","tag-flussig","tag-gasformig","tag-gebaude","tag-gerategehause","tag-gesamtflache","tag-gewicht","tag-heizenergie","tag-heizkreislauf","tag-heizleistung","tag-heizwarme","tag-installation","tag-kollektor","tag-kompressor","tag-kondensator","tag-luft-wasser-warmepumpe","tag-lufttemperatur","tag-medium","tag-niedrigenergiehaus","tag-pufferspeicher","tag-pumpengruppe","tag-r-2-5","tag-siedepunkt","tag-solatron","tag-strasenseite","tag-t-07","tag-t07","tag-temperaturnivieau","tag-umgebungsluft","tag-umwalzung","tag-unterlagen","tag-verdampfer","tag-verdichter","tag-vorlauftemperatur","tag-warmepumpe"],"jetpack_featured_media_url":"","jetpack_sharing_enabled":true,"jetpack_shortlink":"https:\/\/wp.me\/pRK4T-gw","_links":{"self":[{"href":"https:\/\/jennyundmarcel.de\/index.php?rest_route=\/wp\/v2\/posts\/1024","targetHints":{"allow":["GET"]}}],"collection":[{"href":"https:\/\/jennyundmarcel.de\/index.php?rest_route=\/wp\/v2\/posts"}],"about":[{"href":"https:\/\/jennyundmarcel.de\/index.php?rest_route=\/wp\/v2\/types\/post"}],"author":[{"embeddable":true,"href":"https:\/\/jennyundmarcel.de\/index.php?rest_route=\/wp\/v2\/users\/1"}],"replies":[{"embeddable":true,"href":"https:\/\/jennyundmarcel.de\/index.php?rest_route=%2Fwp%2Fv2%2Fcomments&post=1024"}],"version-history":[{"count":5,"href":"https:\/\/jennyundmarcel.de\/index.php?rest_route=\/wp\/v2\/posts\/1024\/revisions"}],"predecessor-version":[{"id":1029,"href":"https:\/\/jennyundmarcel.de\/index.php?rest_route=\/wp\/v2\/posts\/1024\/revisions\/1029"}],"wp:attachment":[{"href":"https:\/\/jennyundmarcel.de\/index.php?rest_route=%2Fwp%2Fv2%2Fmedia&parent=1024"}],"wp:term":[{"taxonomy":"category","embeddable":true,"href":"https:\/\/jennyundmarcel.de\/index.php?rest_route=%2Fwp%2Fv2%2Fcategories&post=1024"},{"taxonomy":"post_tag","embeddable":true,"href":"https:\/\/jennyundmarcel.de\/index.php?rest_route=%2Fwp%2Fv2%2Ftags&post=1024"}],"curies":[{"name":"wp","href":"https:\/\/api.w.org\/{rel}","templated":true}]}}