{"id":1030,"date":"2010-08-29T13:22:30","date_gmt":"2010-08-29T11:22:30","guid":{"rendered":"http:\/\/www.jennyundmarcel.de\/wordpress\/?p=1030"},"modified":"2010-09-02T08:13:18","modified_gmt":"2010-09-02T06:13:18","slug":"rollladenmotoren","status":"publish","type":"post","link":"https:\/\/jennyundmarcel.de\/?p=1030","title":{"rendered":"Rollladenmotoren"},"content":{"rendered":"<p><a rel=\"attachment wp-att-1044\" href=\"https:\/\/jennyundmarcel.de\/wordpress\/?attachment_id=1044\"><img loading=\"lazy\" decoding=\"async\" class=\"alignright size-thumbnail wp-image-1044\" style=\"border: 0pt none; margin: 15px;\" title=\"Rollladen\" src=\"https:\/\/jennyundmarcel.de\/wordpress\/wp-content\/uploads\/2010\/08\/Rollladen-142x150.jpg\" alt=\"Rollladen\" width=\"142\" height=\"150\" srcset=\"https:\/\/jennyundmarcel.de\/wp-content\/uploads\/2010\/08\/Rollladen-142x150.jpg 142w, https:\/\/jennyundmarcel.de\/wp-content\/uploads\/2010\/08\/Rollladen-285x300.jpg 285w, https:\/\/jennyundmarcel.de\/wp-content\/uploads\/2010\/08\/Rollladen-500x525.jpg 500w\" sizes=\"auto, (max-width: 142px) 100vw, 142px\" \/><\/a>Wir wollen die Rollladen in unserem Haus komplett elektrifizieren. Dazu haben wir schon w\u00e4hrend der Bemusterung extra vermerken lassen, dass bitte keine Rolll\u00e4dengurte auf den Fensterrahmen montiert werden sollen, um nicht irgendwelche unn\u00f6tigen Bohrl\u00f6cher im Rahmen zu bekommen. Nun m\u00fcssen wir uns nat\u00fcrlich auch um die entsprechenden Rollladenmotoren k\u00fcmmern. Unser Elektriker und Freund Andr\u00e9 r\u00e4t uns unbedingt von den 0-8-15 Baumarkt-Motoren ab. Er schw\u00f6rt auf <a href=\"http:\/\/www.somfy.de\/home\/produkte\/produkte\/rollladen.html\" target=\"_blank\">SOMFY Motoren<\/a> &#8211; SOMFY ist ein Markenhersteller und demzufolge auch nicht ganz billig.<\/p>\n<p>Wir haben im Untergeschoss f\u00fcnf Fenster (davon zwei &#8222;riesen&#8220; Fl\u00e4chen zur Terasse hin) und im Obergeschoss vier Fenster. Unser Ausbauberater sagte uns w\u00e4hrend der Bemusterung, dass wir 60er Achtkant Rolll\u00e4denmotoren ben\u00f6tigen. Die Rolll\u00e4den haben ein Gewicht von 5kg\/m<sup>2<\/sup>. Die beiden gro\u00dfen Fensterfronten zur Terasse haben eine jeweilige Fl\u00e4che von 2,57m x 2,25m \u2192 ~5,8m<sup>2<\/sup>, also sagen wir mal gro\u00dfz\u00fcgig 6m<sup>2<\/sup>. Das hei\u00dft pro Terassen Fensterfront ben\u00f6tigen wir einen Rollladenmotor, der 30kg ziehen kann. Die beiden Fenster im EG zur Stra\u00dfe hin und das zweite K\u00fcchenfenster haben eine Fl\u00e4che von 1,11m x 1,3m \u2192 1,44m<sup>2<\/sup>, also sagen wir mal 2m<sup>2<\/sup> , was wiederrum 10kg Rollladenlast bedeutet. Die Fenster im Obergeschoss haben eine Gr\u00f6\u00dfe von 1,11m x 1,45m \u2192 1,61m<sup>2<\/sup>, also sagen wir hier auch 2m<sup>2<\/sup> bzw. 10kg Rollladenlast.<br \/>\n<em><strong>Fazit: <\/strong>Ben\u00f6tigt werden 2x 30kg (30Nm) Motoren und 7x 10kg (10Nm) Motoren.<\/em><\/p>\n<p><em><span style=\"text-decoration: underline;\">Update:<\/span> Die Motoren von Kaiser-Nienhaus sollen auch sehr hochwertig und ein klein wenig g\u00fcnstiger sein, als die von Somfy.<br \/>\n<\/em><\/p>\n","protected":false},"excerpt":{"rendered":"<p>Wir wollen die Rollladen in unserem Haus komplett elektrifizieren. Dazu haben wir schon w\u00e4hrend der Bemusterung extra vermerken lassen, dass bitte keine Rolll\u00e4dengurte auf den Fensterrahmen montiert werden sollen, um nicht irgendwelche unn\u00f6tigen Bohrl\u00f6cher im Rahmen zu bekommen. Nun m\u00fcssen wir uns nat\u00fcrlich auch um die entsprechenden Rollladenmotoren k\u00fcmmern. Unser Elektriker und Freund Andr\u00e9 r\u00e4t [&hellip;]<\/p>\n","protected":false},"author":1,"featured_media":0,"comment_status":"open","ping_status":"closed","sticky":false,"template":"","format":"standard","meta":{"ngg_post_thumbnail":0,"jetpack_post_was_ever_published":false,"_jetpack_newsletter_access":"","_jetpack_dont_email_post_to_subs":false,"_jetpack_newsletter_tier_id":0,"_jetpack_memberships_contains_paywalled_content":false,"_jetpack_memberships_contains_paid_content":false,"footnotes":""},"categories":[429,9],"tags":[890,1075,1076,1069,1074,6483,6495,1067,1066,1068,1079,149,1077,879,1073,1070,1063,847,1071,1080,192,1065,1078,749,1064,6486,1072],"class_list":["post-1030","post","type-post","status-publish","format-standard","hentry","category-elektroinstallation","category-gedanken","tag-0-8-15","tag-60er","tag-achtkant","tag-andre","tag-ausbauberater","tag-baumarkt","tag-bemusterung","tag-bohrloch","tag-bohrlocher","tag-elektriker","tag-fazit","tag-fenster","tag-fensterfront","tag-fensterrahmen","tag-flache","tag-freund","tag-gewicht","tag-kuchenfenster","tag-markenhersteller","tag-motor","tag-obergeschoss","tag-rollladengurt","tag-rollladenlast","tag-rollladenmotor","tag-somfy","tag-terasse","tag-untergeschoss"],"jetpack_featured_media_url":"","jetpack_sharing_enabled":true,"jetpack_shortlink":"https:\/\/wp.me\/pRK4T-gC","_links":{"self":[{"href":"https:\/\/jennyundmarcel.de\/index.php?rest_route=\/wp\/v2\/posts\/1030","targetHints":{"allow":["GET"]}}],"collection":[{"href":"https:\/\/jennyundmarcel.de\/index.php?rest_route=\/wp\/v2\/posts"}],"about":[{"href":"https:\/\/jennyundmarcel.de\/index.php?rest_route=\/wp\/v2\/types\/post"}],"author":[{"embeddable":true,"href":"https:\/\/jennyundmarcel.de\/index.php?rest_route=\/wp\/v2\/users\/1"}],"replies":[{"embeddable":true,"href":"https:\/\/jennyundmarcel.de\/index.php?rest_route=%2Fwp%2Fv2%2Fcomments&post=1030"}],"version-history":[{"count":17,"href":"https:\/\/jennyundmarcel.de\/index.php?rest_route=\/wp\/v2\/posts\/1030\/revisions"}],"predecessor-version":[{"id":1039,"href":"https:\/\/jennyundmarcel.de\/index.php?rest_route=\/wp\/v2\/posts\/1030\/revisions\/1039"}],"wp:attachment":[{"href":"https:\/\/jennyundmarcel.de\/index.php?rest_route=%2Fwp%2Fv2%2Fmedia&parent=1030"}],"wp:term":[{"taxonomy":"category","embeddable":true,"href":"https:\/\/jennyundmarcel.de\/index.php?rest_route=%2Fwp%2Fv2%2Fcategories&post=1030"},{"taxonomy":"post_tag","embeddable":true,"href":"https:\/\/jennyundmarcel.de\/index.php?rest_route=%2Fwp%2Fv2%2Ftags&post=1030"}],"curies":[{"name":"wp","href":"https:\/\/api.w.org\/{rel}","templated":true}]}}