{"id":1118,"date":"2010-09-15T20:53:54","date_gmt":"2010-09-15T18:53:54","guid":{"rendered":"http:\/\/www.jennyundmarcel.de\/wordpress\/?p=1118"},"modified":"2010-09-28T15:21:40","modified_gmt":"2010-09-28T13:21:40","slug":"baustrom-bauverteilerkasten-baustromversorgung","status":"publish","type":"post","link":"https:\/\/jennyundmarcel.de\/?p=1118","title":{"rendered":"Baustrom \/ Bauverteilerkasten \/ Baustromversorgung"},"content":{"rendered":"<p>Es geht mit gro\u00dfen Schritten Richtung START. Wir m\u00fcssen uns nun um die wichtigen kleinen Details k\u00fcmmern. Ein wichtiges Detail ist der Baustrom. Dazu m\u00fcssen wir uns einen Bauverteilerkasten bei irgendeinem Anbieten mieten. In unserer Region bietet sich derzeit die Firma Deubner an &#8211; hier habe ich bisher zumindest das beste Angebot gefunden (1,33\u20ac \/ Tag &#8211; Mindestmiete f\u00fcr 4 Wochen = 40,&#8211; \u20ac und Kaution 300,&#8211; \u20ac). Der angebotene Anschlu\u00dfverteilerschrank (Typ F-AVEV 63 \/ 211-3) bietet eine Leistung von 44 kVA, 80A Anschlu\u00dfsicherung, ein Z\u00e4hlerfeld, Hauptsicherung und Abgang, 400V Steckdosen 2x 16A, 1x 32A, 1x 63A und Schuko 3x 230V. Der zugeh\u00f6rige Kreuzstaberder kostet 5\u20ac \/ 4 Wochen. Mit dem Anschlu\u00dfverteilerschrank ist es aber noch lange nicht getan.<\/p>\n<p>Denn der schicke Schrank bringt gar nichts, wenn er selber nicht am Stromnetz angeschlossen ist. Dies darf und kann der Elektriker selber nicht vornehmen, sondern das erfolgt durch das zust\u00e4ndige EVU, in unserem Fall durch die <a href=\"http:\/\/www.ewv.de\/Privatkunden\/regiostrom\/Baustrom.php\" target=\"_blank\">EWV<\/a>. Die\u00a0Kosten f\u00fcr den Anschluss an einen Kabelverteilerschrank\u00a0betragen  zurzeit\u00a0190,&#8211; \u20ac zzgl.\u00a019 % Mwst (=226,10 \u20ac brutto). Der Verbrauch wird dann sp\u00e4ter noch separat berechnet.<\/p>\n<p>Ein ebenfalls gut bekannter Vermietservice in unserer Region ist <a href=\"http:\/\/www.boels.nl\/catalogue\/Mietkatalog%20Deutschland\/flash.html#132\" target=\"_blank\">Boels<\/a>. Hier kostet der Bauverteilerkasten 28,&#8211; \u20ac \/ Woche. Da stehen wir uns bei <a href=\"http:\/\/www.deubner-bau.de\/fileadmin\/user_upload\/Downloads\/PDFs\/Mietliste%200809.pdf\" target=\"_blank\">Deubner<\/a> deutlich besser. Mal sehen, vielleicht finden wir ja ein noch g\u00fcnstigeres Angebot.<\/p>\n","protected":false},"excerpt":{"rendered":"<p>Es geht mit gro\u00dfen Schritten Richtung START. Wir m\u00fcssen uns nun um die wichtigen kleinen Details k\u00fcmmern. Ein wichtiges Detail ist der Baustrom. Dazu m\u00fcssen wir uns einen Bauverteilerkasten bei irgendeinem Anbieten mieten. In unserer Region bietet sich derzeit die Firma Deubner an &#8211; hier habe ich bisher zumindest das beste Angebot gefunden (1,33\u20ac \/ [&hellip;]<\/p>\n","protected":false},"author":1,"featured_media":0,"comment_status":"open","ping_status":"closed","sticky":false,"template":"","format":"standard","meta":{"ngg_post_thumbnail":0,"jetpack_post_was_ever_published":false,"_jetpack_newsletter_access":"","_jetpack_dont_email_post_to_subs":false,"_jetpack_newsletter_tier_id":0,"_jetpack_memberships_contains_paywalled_content":false,"_jetpack_memberships_contains_paid_content":false,"footnotes":""},"categories":[429],"tags":[1313,1234,1314,1311,1305,1315,1306,1310,682,1142,1307,1303,1290,1297,1296,1321,1299,1300,1068,1318,680,1309,1319,674,1316,410,1301,685,1298,1312,1317,1304,1320,1322,1302,1308],"class_list":["post-1118","post","type-post","status-publish","format-standard","hentry","category-elektroinstallation","tag-16a","tag-230v","tag-32a","tag-400v","tag-44-kva","tag-63a","tag-80a","tag-abgang","tag-anbieter","tag-anschluss","tag-anschlussicherung","tag-anschlusverteilerschrank","tag-baustrom","tag-baustromversorgung","tag-bauverteilerkasten","tag-boels","tag-detail","tag-deubner","tag-elektriker","tag-evu","tag-ewv","tag-hauptsicherung","tag-kabelverteilerschrank","tag-kaution","tag-kreuzstaberder","tag-leistung","tag-mindestmiete","tag-region","tag-start","tag-steckdose","tag-stromnetz","tag-typ-f-avev","tag-verbrauch","tag-vermietservice","tag-wochen","tag-zahlerfeld"],"jetpack_featured_media_url":"","jetpack_sharing_enabled":true,"jetpack_shortlink":"https:\/\/wp.me\/pRK4T-i2","_links":{"self":[{"href":"https:\/\/jennyundmarcel.de\/index.php?rest_route=\/wp\/v2\/posts\/1118","targetHints":{"allow":["GET"]}}],"collection":[{"href":"https:\/\/jennyundmarcel.de\/index.php?rest_route=\/wp\/v2\/posts"}],"about":[{"href":"https:\/\/jennyundmarcel.de\/index.php?rest_route=\/wp\/v2\/types\/post"}],"author":[{"embeddable":true,"href":"https:\/\/jennyundmarcel.de\/index.php?rest_route=\/wp\/v2\/users\/1"}],"replies":[{"embeddable":true,"href":"https:\/\/jennyundmarcel.de\/index.php?rest_route=%2Fwp%2Fv2%2Fcomments&post=1118"}],"version-history":[{"count":7,"href":"https:\/\/jennyundmarcel.de\/index.php?rest_route=\/wp\/v2\/posts\/1118\/revisions"}],"predecessor-version":[{"id":1121,"href":"https:\/\/jennyundmarcel.de\/index.php?rest_route=\/wp\/v2\/posts\/1118\/revisions\/1121"}],"wp:attachment":[{"href":"https:\/\/jennyundmarcel.de\/index.php?rest_route=%2Fwp%2Fv2%2Fmedia&parent=1118"}],"wp:term":[{"taxonomy":"category","embeddable":true,"href":"https:\/\/jennyundmarcel.de\/index.php?rest_route=%2Fwp%2Fv2%2Fcategories&post=1118"},{"taxonomy":"post_tag","embeddable":true,"href":"https:\/\/jennyundmarcel.de\/index.php?rest_route=%2Fwp%2Fv2%2Ftags&post=1118"}],"curies":[{"name":"wp","href":"https:\/\/api.w.org\/{rel}","templated":true}]}}