{"id":1254,"date":"2010-10-06T22:31:47","date_gmt":"2010-10-06T20:31:47","guid":{"rendered":"http:\/\/www.jennyundmarcel.de\/wordpress\/?p=1254"},"modified":"2010-10-06T22:31:47","modified_gmt":"2010-10-06T20:31:47","slug":"kelleraufbau-tag-3-die-innenwande-und-bitumen-abdichtung","status":"publish","type":"post","link":"https:\/\/jennyundmarcel.de\/?p=1254","title":{"rendered":"Kelleraufbau Tag 3: Die Innenw\u00e4nde und Bitumen Abdichtung"},"content":{"rendered":"<p>Heute ist der dritte Tag des Kelleraufbaus durch die Firma Gussek &amp; Wolts. Nat\u00fcrlich bin ich auch heute in der Mittagspause zur Baustelle gefahren, um zu sehen, wie weit die Jungs schon sind. Und wie bisher jeden Tag bin ich echt \u00fcberrascht, wie weit der Kelleraufbau schon fortgeschritten ist. Au\u00dfer den Jungs von Gussek &amp; Wolts war auch der &#8222;Schwarz-Anstreicher&#8220; flei\u00dfig dabei den sch\u00f6nen hellen W\u00e4nden schwarze Konturen zu malen. Es wurde n\u00e4mlich die Bitumenabdichtung an den Verbindungsstellen der Fertigkellerau\u00dfenw\u00e4nde und am gesamten Kellersockel \/ Betonfundament aufgebracht. Als ich dann wieder zur Arbeit gefahren bin, weil sich meine Mittagspause zu Ende neigte, fehlten lediglich 1 1\/2 W\u00e4nde bis zur Vollendung der Innenw\u00e4nde.<\/p>\nngg_shortcode_0_placeholder\n<p>Nach der Arbeit haben Jenny und ich uns dann an der Baustelle getroffen, um das Resultat des heutigen Tages zu bewundern. Und siehe da, alle Innenw\u00e4nde sind fertig gesetzt und sauber verfugt und der &#8222;Schwarz-Anstrich&#8220; von au\u00dfen ist auch fertig.<\/p>\n","protected":false},"excerpt":{"rendered":"<p>Heute ist der dritte Tag des Kelleraufbaus durch die Firma Gussek &amp; Wolts. Nat\u00fcrlich bin ich auch heute in der Mittagspause zur Baustelle gefahren, um zu sehen, wie weit die Jungs schon sind. Und wie bisher jeden Tag bin ich echt \u00fcberrascht, wie weit der Kelleraufbau schon fortgeschritten ist. Au\u00dfer den Jungs von Gussek &amp; [&hellip;]<\/p>\n","protected":false},"author":1,"featured_media":0,"comment_status":"open","ping_status":"closed","sticky":false,"template":"","format":"standard","meta":{"ngg_post_thumbnail":0,"jetpack_post_was_ever_published":false,"_jetpack_newsletter_access":"","_jetpack_dont_email_post_to_subs":false,"_jetpack_newsletter_tier_id":0,"_jetpack_memberships_contains_paywalled_content":false,"_jetpack_memberships_contains_paid_content":false,"footnotes":""},"categories":[35,30],"tags":[1655,1645,1342,1661,1266,1654,1657,1644,1650,1146,1478,1652,1134,1648,1642,726,1583,1595,1653,1620,232,1448,1647,1659,1649,1646,1643,1651,1660,1658,1187],"class_list":["post-1254","post","type-post","status-publish","format-standard","hentry","category-keller","category-prohaus","tag-1-12","tag-abdichtung","tag-arbeit","tag-ausen","tag-baustelle","tag-betonfundament","tag-bewundern","tag-bitumen","tag-bitumenabdichtung","tag-ende","tag-fertig","tag-fertigkellerausenwande","tag-gussek-wolts","tag-helle-wande","tag-innenwande","tag-jenny","tag-jungs","tag-kelleraufbau","tag-kellersockel","tag-mittagspause","tag-resultat","tag-sauber","tag-schwarz-anstreicher","tag-schwarz-anstrich","tag-schwarze-konturen","tag-tag","tag-tag-3","tag-verbindungsstellen","tag-verfugt","tag-vollendung","tag-wande"],"jetpack_featured_media_url":"","jetpack_sharing_enabled":true,"jetpack_shortlink":"https:\/\/wp.me\/pRK4T-ke","_links":{"self":[{"href":"https:\/\/jennyundmarcel.de\/index.php?rest_route=\/wp\/v2\/posts\/1254","targetHints":{"allow":["GET"]}}],"collection":[{"href":"https:\/\/jennyundmarcel.de\/index.php?rest_route=\/wp\/v2\/posts"}],"about":[{"href":"https:\/\/jennyundmarcel.de\/index.php?rest_route=\/wp\/v2\/types\/post"}],"author":[{"embeddable":true,"href":"https:\/\/jennyundmarcel.de\/index.php?rest_route=\/wp\/v2\/users\/1"}],"replies":[{"embeddable":true,"href":"https:\/\/jennyundmarcel.de\/index.php?rest_route=%2Fwp%2Fv2%2Fcomments&post=1254"}],"version-history":[{"count":4,"href":"https:\/\/jennyundmarcel.de\/index.php?rest_route=\/wp\/v2\/posts\/1254\/revisions"}],"predecessor-version":[{"id":1258,"href":"https:\/\/jennyundmarcel.de\/index.php?rest_route=\/wp\/v2\/posts\/1254\/revisions\/1258"}],"wp:attachment":[{"href":"https:\/\/jennyundmarcel.de\/index.php?rest_route=%2Fwp%2Fv2%2Fmedia&parent=1254"}],"wp:term":[{"taxonomy":"category","embeddable":true,"href":"https:\/\/jennyundmarcel.de\/index.php?rest_route=%2Fwp%2Fv2%2Fcategories&post=1254"},{"taxonomy":"post_tag","embeddable":true,"href":"https:\/\/jennyundmarcel.de\/index.php?rest_route=%2Fwp%2Fv2%2Ftags&post=1254"}],"curies":[{"name":"wp","href":"https:\/\/api.w.org\/{rel}","templated":true}]}}