{"id":1466,"date":"2010-11-18T20:00:00","date_gmt":"2010-11-18T18:00:00","guid":{"rendered":"http:\/\/www.jennyundmarcel.de\/wordpress\/?p=1466"},"modified":"2011-01-17T11:56:24","modified_gmt":"2011-01-17T09:56:24","slug":"alles-isoliert-sie-konnen-kommen","status":"publish","type":"post","link":"https:\/\/jennyundmarcel.de\/?p=1466","title":{"rendered":"Alles isoliert, Sie k\u00f6nnen kommen."},"content":{"rendered":"<p>So steht&#8217;s auf der Postkarte, die wir ausgef\u00fcllt und an ProHaus versendet haben.<\/p>\n<p style=\"text-align: center;\"><a rel=\"attachment wp-att-1468\" href=\"https:\/\/jennyundmarcel.de\/wordpress\/?attachment_id=1468\"><img loading=\"lazy\" decoding=\"async\" class=\"size-medium wp-image-1468  aligncenter\" title=\"Alles isoliert\" src=\"https:\/\/jennyundmarcel.de\/wordpress\/wp-content\/uploads\/2010\/11\/Alles-isoliert-300x201.jpg\" alt=\"Postkarte &quot;Alles isoliert&quot; an ProHaus\" width=\"300\" height=\"201\" srcset=\"https:\/\/jennyundmarcel.de\/wp-content\/uploads\/2010\/11\/Alles-isoliert-300x201.jpg 300w, https:\/\/jennyundmarcel.de\/wp-content\/uploads\/2010\/11\/Alles-isoliert-150x100.jpg 150w, https:\/\/jennyundmarcel.de\/wp-content\/uploads\/2010\/11\/Alles-isoliert-500x335.jpg 500w, https:\/\/jennyundmarcel.de\/wp-content\/uploads\/2010\/11\/Alles-isoliert.jpg 1149w\" sizes=\"auto, (max-width: 300px) 100vw, 300px\" \/><\/a><\/p>\n<p>Diese Postkarte ist eine von drei Portkarten, welche sich im ProHaus Ausbauordner befindet. Hat man die Sockelisolierung im Au\u00dfenbereich abgeschlossen, wird die Postkarte ausgef\u00fcllt (lediglich ein paar pers\u00f6nliche Daten) und an ProHaus versendet.<\/p>\n<p>Jetzt k\u00f6nnen die Klinkerjungs kommen und den schon vor Ort auf die Verarbeitung wartenden Klinker an das Haus anbringen. Bis zum Jahresende sind es jetzt nur noch 43 Tage. Wir sind mal gespannt, wann sich ProHaus bzgl. des Termins bei uns meldet und wann denn dann auch der Klinker tats\u00e4chlich angebracht wird. Erst dann ist das Haus &#8222;wirklich&#8220; gegen die Witterung gesch\u00fctzt, auch wenn eine \u00dcberwinterung laut ProHaus im aktuellem Zustand ohne Weiteres m\u00f6glich sein soll.<\/p>\n<p>Also Daumen dr\u00fccken und auf einen kurzfristigen Termin und gutes frostfreies Wetter hoffen.<\/p>\n","protected":false},"excerpt":{"rendered":"<p>So steht&#8217;s auf der Postkarte, die wir ausgef\u00fcllt und an ProHaus versendet haben. Diese Postkarte ist eine von drei Portkarten, welche sich im ProHaus Ausbauordner befindet. Hat man die Sockelisolierung im Au\u00dfenbereich abgeschlossen, wird die Postkarte ausgef\u00fcllt (lediglich ein paar pers\u00f6nliche Daten) und an ProHaus versendet. Jetzt k\u00f6nnen die Klinkerjungs kommen und den schon vor [&hellip;]<\/p>\n","protected":false},"author":1,"featured_media":0,"comment_status":"open","ping_status":"closed","sticky":false,"template":"","format":"standard","meta":{"ngg_post_thumbnail":0,"jetpack_post_was_ever_published":false,"_jetpack_newsletter_access":"","_jetpack_dont_email_post_to_subs":false,"_jetpack_newsletter_tier_id":0,"_jetpack_memberships_contains_paywalled_content":false,"_jetpack_memberships_contains_paid_content":false,"footnotes":""},"categories":[2851,58,30],"tags":[2422,2425,2416,2417,2426,2427,2380,569,2270,2421,846,2419,2418,2415,6477,2208,83,2424,2420,2414,1264,2423],"class_list":["post-1466","post","type-post","status-publish","format-standard","hentry","category-fassade","category-garage","category-prohaus","tag-43-tage","tag-aktueller-zustand","tag-ausbauordner","tag-ausenbereich","tag-daumen-drucken","tag-frostfreies-wetter","tag-geschutzt","tag-haus","tag-isoliert","tag-jahresende","tag-klinker","tag-klinkerjungs","tag-personliche-daten","tag-postkarte","tag-prohaus","tag-sockelisolierung","tag-termin","tag-uberwinterung","tag-verarbeitung","tag-verblendung","tag-vor-ort","tag-witterung"],"jetpack_featured_media_url":"","jetpack_sharing_enabled":true,"jetpack_shortlink":"https:\/\/wp.me\/pRK4T-nE","_links":{"self":[{"href":"https:\/\/jennyundmarcel.de\/index.php?rest_route=\/wp\/v2\/posts\/1466","targetHints":{"allow":["GET"]}}],"collection":[{"href":"https:\/\/jennyundmarcel.de\/index.php?rest_route=\/wp\/v2\/posts"}],"about":[{"href":"https:\/\/jennyundmarcel.de\/index.php?rest_route=\/wp\/v2\/types\/post"}],"author":[{"embeddable":true,"href":"https:\/\/jennyundmarcel.de\/index.php?rest_route=\/wp\/v2\/users\/1"}],"replies":[{"embeddable":true,"href":"https:\/\/jennyundmarcel.de\/index.php?rest_route=%2Fwp%2Fv2%2Fcomments&post=1466"}],"version-history":[{"count":8,"href":"https:\/\/jennyundmarcel.de\/index.php?rest_route=\/wp\/v2\/posts\/1466\/revisions"}],"predecessor-version":[{"id":1794,"href":"https:\/\/jennyundmarcel.de\/index.php?rest_route=\/wp\/v2\/posts\/1466\/revisions\/1794"}],"wp:attachment":[{"href":"https:\/\/jennyundmarcel.de\/index.php?rest_route=%2Fwp%2Fv2%2Fmedia&parent=1466"}],"wp:term":[{"taxonomy":"category","embeddable":true,"href":"https:\/\/jennyundmarcel.de\/index.php?rest_route=%2Fwp%2Fv2%2Fcategories&post=1466"},{"taxonomy":"post_tag","embeddable":true,"href":"https:\/\/jennyundmarcel.de\/index.php?rest_route=%2Fwp%2Fv2%2Ftags&post=1466"}],"curies":[{"name":"wp","href":"https:\/\/api.w.org\/{rel}","templated":true}]}}