{"id":1576,"date":"2010-12-14T12:48:48","date_gmt":"2010-12-14T10:48:48","guid":{"rendered":"http:\/\/www.jennyundmarcel.de\/wordpress\/?p=1576"},"modified":"2010-12-16T08:58:46","modified_gmt":"2010-12-16T06:58:46","slug":"ein-kabel-mehr-in-der-strase","status":"publish","type":"post","link":"https:\/\/jennyundmarcel.de\/?p=1576","title":{"rendered":"Ein Kabel mehr in der Stra\u00dfe"},"content":{"rendered":"<p><a rel=\"attachment wp-att-1581\" href=\"https:\/\/jennyundmarcel.de\/wordpress\/?attachment_id=1581\"><img loading=\"lazy\" decoding=\"async\" class=\"alignright size-medium wp-image-1581\" title=\"Telekomleitung\" src=\"https:\/\/jennyundmarcel.de\/wordpress\/wp-content\/uploads\/2010\/12\/DSC00072-168x300.jpg\" alt=\"Telekomleitung wurde verlegt\" width=\"168\" height=\"300\" srcset=\"https:\/\/jennyundmarcel.de\/wp-content\/uploads\/2010\/12\/DSC00072-168x300.jpg 168w, https:\/\/jennyundmarcel.de\/wp-content\/uploads\/2010\/12\/DSC00072-84x150.jpg 84w, https:\/\/jennyundmarcel.de\/wp-content\/uploads\/2010\/12\/DSC00072.jpg 1836w\" sizes=\"auto, (max-width: 168px) 100vw, 168px\" \/><\/a>Heute Morgen habe ich mich kurz vor der Arbeit mit unserem Tiefbauer f\u00fcr unsere Haus- und Kanalanschl\u00fcsse (Firma Dederichs) am Haus getroffen. Die haben gestern schon die Telefonleitung in die Stra\u00dfe gelegt. Bisher lag hier noch gar keine Telefonleitung &#8211; warum auch, war ja bisher nur ein Feldweg&#8230; Wir haben abgesprochen, wie und wo die Kanalanschl\u00fcsse bzw. -rohre aus dem Haus herausgehen und wo sich die Mehrsparteneinf\u00fchrung (f\u00fcr Telefon, Wasser und Strom) befindet. Dann habe ich Ihm das Ganze noch von innen bzw. vom Keller aus gezeigt und anhand des Kellerplans erl\u00e4utert, wo die KG-Rohre unterhalb der Bodenplatte herauskommen.<\/p>\n<p>Leider spielt das Wetter mal wieder nicht mit. Der Winter zeigt sich von seiner besten Seite. Beim Treffen am Grundst\u00fcck heute Morgen waren es mindestens -2\u00b0C, wenn nicht sogar k\u00e4lter. Da werden die Jungs wohl eher &#8222;Schlechtwetter&#8220; machen, als die Stra\u00dfe aufrei\u00dfen. Und dann hat es diese Nacht ja auch noch geschneit, was das ganze Spielchen ja nicht wirklich vereinfacht. Au\u00dferdem kann die EWV die Wasserleitung sowieso nur bei Plusgraden schwei\u00dfen. Lediglich der Strom k\u00f6nnte schon einmal ins Haus gelegt werden &#8211; was ja auch gar nicht mal soooo schlecht w\u00e4re.<\/p>\n<p>Nun bleibt uns nur noch abzuwarten, wann der Tiefbauer mit den Hausanschl\u00fcssen anfangen kann. Ich selber habe dabei kein gutes Gef\u00fchl mehr, dass das dieses Jahr noch etwas wird.<\/p>\n","protected":false},"excerpt":{"rendered":"<p>Heute Morgen habe ich mich kurz vor der Arbeit mit unserem Tiefbauer f\u00fcr unsere Haus- und Kanalanschl\u00fcsse (Firma Dederichs) am Haus getroffen. Die haben gestern schon die Telefonleitung in die Stra\u00dfe gelegt. Bisher lag hier noch gar keine Telefonleitung &#8211; warum auch, war ja bisher nur ein Feldweg&#8230; Wir haben abgesprochen, wie und wo die [&hellip;]<\/p>\n","protected":false},"author":1,"featured_media":0,"comment_status":"open","ping_status":"closed","sticky":false,"template":"","format":"standard","meta":{"ngg_post_thumbnail":0,"jetpack_post_was_ever_published":false,"_jetpack_newsletter_access":"","_jetpack_dont_email_post_to_subs":false,"_jetpack_newsletter_tier_id":0,"_jetpack_memberships_contains_paywalled_content":false,"_jetpack_memberships_contains_paid_content":false,"footnotes":""},"categories":[429,306,18,35,1151,676],"tags":[1044,2584,95,680,2578,6476,569,2465,1432,2301,2338,545,2579,6479,305,2581,2580,1294,2585,2588,2583,2589,2586,6497,677,2466,992,2582,2577,2587,6493,2461],"class_list":["post-1576","post","type-post","status-publish","format-standard","hentry","category-elektroinstallation","category-erdarbeiten","category-grundstuck","category-keller","category-telekommunikation","category-wasser-und-sanitar","tag-2c","tag-aufreisen","tag-bodenplatte","tag-ewv","tag-feldweg","tag-grundstuck","tag-haus","tag-hausanschlusse","tag-heute","tag-jahr","tag-kabel","tag-kanalanschluss","tag-kanalanschlusse","tag-keller","tag-kellerplan","tag-kg-rohre","tag-mehrsparteneinfuhrung","tag-morgen","tag-nacht","tag-plusgrade","tag-schlechtwetter","tag-schweisen","tag-spielchen","tag-strase","tag-strom","tag-telefonleitung","tag-tiefbauer","tag-treffen","tag-vor-der-arbeit","tag-wasserleitung","tag-wetter","tag-winter"],"jetpack_featured_media_url":"","jetpack_sharing_enabled":true,"jetpack_shortlink":"https:\/\/wp.me\/pRK4T-pq","_links":{"self":[{"href":"https:\/\/jennyundmarcel.de\/index.php?rest_route=\/wp\/v2\/posts\/1576","targetHints":{"allow":["GET"]}}],"collection":[{"href":"https:\/\/jennyundmarcel.de\/index.php?rest_route=\/wp\/v2\/posts"}],"about":[{"href":"https:\/\/jennyundmarcel.de\/index.php?rest_route=\/wp\/v2\/types\/post"}],"author":[{"embeddable":true,"href":"https:\/\/jennyundmarcel.de\/index.php?rest_route=\/wp\/v2\/users\/1"}],"replies":[{"embeddable":true,"href":"https:\/\/jennyundmarcel.de\/index.php?rest_route=%2Fwp%2Fv2%2Fcomments&post=1576"}],"version-history":[{"count":6,"href":"https:\/\/jennyundmarcel.de\/index.php?rest_route=\/wp\/v2\/posts\/1576\/revisions"}],"predecessor-version":[{"id":1580,"href":"https:\/\/jennyundmarcel.de\/index.php?rest_route=\/wp\/v2\/posts\/1576\/revisions\/1580"}],"wp:attachment":[{"href":"https:\/\/jennyundmarcel.de\/index.php?rest_route=%2Fwp%2Fv2%2Fmedia&parent=1576"}],"wp:term":[{"taxonomy":"category","embeddable":true,"href":"https:\/\/jennyundmarcel.de\/index.php?rest_route=%2Fwp%2Fv2%2Fcategories&post=1576"},{"taxonomy":"post_tag","embeddable":true,"href":"https:\/\/jennyundmarcel.de\/index.php?rest_route=%2Fwp%2Fv2%2Ftags&post=1576"}],"curies":[{"name":"wp","href":"https:\/\/api.w.org\/{rel}","templated":true}]}}