{"id":1668,"date":"2011-01-02T22:06:31","date_gmt":"2011-01-02T20:06:31","guid":{"rendered":"http:\/\/www.jennyundmarcel.de\/wordpress\/?p=1668"},"modified":"2011-01-05T11:46:13","modified_gmt":"2011-01-05T09:46:13","slug":"erstes-kabelverlegen-im-eg","status":"publish","type":"post","link":"https:\/\/jennyundmarcel.de\/?p=1668","title":{"rendered":"Erstes Kabelverlegen im EG"},"content":{"rendered":"<p>Diese Woche habe ich endlich mit dem Verlegen der Kabel im Erdgeschoss begonnen. Als erstes k\u00fcmmere ich mich nat\u00fcrlich, wie schon im Obergeschoss um die Strom-Zuleitungen vom Technikraum im Keller in die jeweiligen R\u00e4ume des Erdgeschosses. Ich bin am Silvestertag schon recht gut vorran gekommen, habe dann an Neujahr mal einen Tag ausgesetzt (um den ganzen B\u00fcrokram mal zu erledigen) und habe dann am Sonntag wieder weiter an der Verkabelung gearbeitet. Da hatten wir dann auch noch zus\u00e4tzliche Unterst\u00fctzung durch unsere Freunde Steffi &amp; Ralf.<\/p>\n<p><a rel=\"attachment wp-att-1681\" href=\"https:\/\/jennyundmarcel.de\/wordpress\/?attachment_id=1681\"><img loading=\"lazy\" decoding=\"async\" class=\"alignleft size-medium wp-image-1681\" title=\"Steffi und der Hei\u00dfluftgenerator\" src=\"https:\/\/jennyundmarcel.de\/wordpress\/wp-content\/uploads\/2011\/01\/DSC00092-300x168.jpg\" alt=\"Steffi hat mitgeholfen\" width=\"300\" height=\"168\" srcset=\"https:\/\/jennyundmarcel.de\/wp-content\/uploads\/2011\/01\/DSC00092-300x168.jpg 300w, https:\/\/jennyundmarcel.de\/wp-content\/uploads\/2011\/01\/DSC00092-150x84.jpg 150w, https:\/\/jennyundmarcel.de\/wp-content\/uploads\/2011\/01\/DSC00092-500x281.jpg 500w\" sizes=\"auto, (max-width: 300px) 100vw, 300px\" \/><\/a>Steffi hat zusammen mit Jenny einige Feinarbeiten vorgenommen &#8211; u.a. den Umbau des Etagenverteilers der Fu\u00dfbodenheizung (die Technik aus dem einen Schrank in den anderen Schrank &#8222;transferiert&#8220;), den Stahltr\u00e4ger und die verbliebenen schmalen Stellen an der Au\u00dfenwand\/Decken-Ecke und die Durchbr\u00fcche der Versorgungsleitungen im G\u00e4ste-WC mit Glaswolle d\u00e4mmen, etc.<\/p>\n<p><a rel=\"attachment wp-att-1688\" href=\"https:\/\/jennyundmarcel.de\/wordpress\/?attachment_id=1688\"><img loading=\"lazy\" decoding=\"async\" class=\"alignright size-medium wp-image-1688\" title=\"Ralf beim Kabelverlegen\" src=\"https:\/\/jennyundmarcel.de\/wordpress\/wp-content\/uploads\/2011\/01\/DSC00093-300x168.jpg\" alt=\"Ralf beim Kabelverlegen\" width=\"300\" height=\"168\" srcset=\"https:\/\/jennyundmarcel.de\/wp-content\/uploads\/2011\/01\/DSC00093-300x168.jpg 300w, https:\/\/jennyundmarcel.de\/wp-content\/uploads\/2011\/01\/DSC00093-150x84.jpg 150w, https:\/\/jennyundmarcel.de\/wp-content\/uploads\/2011\/01\/DSC00093-500x281.jpg 500w\" sizes=\"auto, (max-width: 300px) 100vw, 300px\" \/><\/a>Ralf hat mir w\u00e4hrenddessen beim Verlegen der Stromleitungen im Erdgeschoss geholfen. So sind wir dann an diesem Sonntag wieder ein richtig gutes St\u00fcck voran gekommen. Nichts desto trotz werde ich mit meiner Kabelverlege-Mission noch einige Zeit, sprich mindestens noch die ganze kommende Woche, besch\u00e4ftigt sein. Als n\u00e4chstes werde ich erst einmal das G\u00e4ste-WC und den Abstellraum mit allen Leitungen best\u00fccken, damit dort die W\u00e4nde komplett geschlossen werden k\u00f6nnen und wir auch die Verkleidung des Sp\u00fclkastens und des Versorgungsschachtes vom Keller ins OG in Angriff nehmen k\u00f6nnen.<\/p>\n","protected":false},"excerpt":{"rendered":"<p>Diese Woche habe ich endlich mit dem Verlegen der Kabel im Erdgeschoss begonnen. Als erstes k\u00fcmmere ich mich nat\u00fcrlich, wie schon im Obergeschoss um die Strom-Zuleitungen vom Technikraum im Keller in die jeweiligen R\u00e4ume des Erdgeschosses. Ich bin am Silvestertag schon recht gut vorran gekommen, habe dann an Neujahr mal einen Tag ausgesetzt (um den [&hellip;]<\/p>\n","protected":false},"author":1,"featured_media":0,"comment_status":"open","ping_status":"closed","sticky":false,"template":"","format":"standard","meta":{"ngg_post_thumbnail":0,"jetpack_post_was_ever_published":false,"_jetpack_newsletter_access":"","_jetpack_dont_email_post_to_subs":false,"_jetpack_newsletter_tier_id":0,"_jetpack_memberships_contains_paywalled_content":false,"_jetpack_memberships_contains_paid_content":false,"footnotes":""},"categories":[429,1151],"tags":[2027,2736,2744,2745,2179,932,2636,2740,131,856,353,2186,86,726,2338,2747,2535,6479,2735,192,2069,2738,2012,167,2734,791,2749,2743,2739,2733,2529,2742,1679,2741,1428,2737,2748,1377,2746,2496,1187,1263,439],"class_list":["post-1668","post","type-post","status-publish","format-standard","hentry","category-elektroinstallation","category-telekommunikation","tag-ausenwand","tag-burokram","tag-decke-ecke","tag-durchbruch","tag-eg","tag-erdgeschoss","tag-etagenverteiler","tag-feinarbeit","tag-freunde","tag-fusbodenheizung","tag-gaste-wc","tag-glaswolle","tag-grob-und-feinabsteckung","tag-jenny","tag-kabel","tag-kabelverlege-mission","tag-kabelverlegen","tag-keller","tag-neujahr","tag-obergeschoss","tag-og","tag-ralf","tag-raume","tag-schrank","tag-silvestertag","tag-sonntag","tag-spulkasten","tag-stahltrager","tag-steffi","tag-strom-zuleitung","tag-stromleitung","tag-technik","tag-technikraum","tag-umbau","tag-unterstutzung","tag-verkabelung","tag-verkleidung","tag-verlegen","tag-versorgungsleitung","tag-versorgungsschacht","tag-wande","tag-zeit","tag-zeitsteuerung"],"jetpack_featured_media_url":"","jetpack_sharing_enabled":true,"jetpack_shortlink":"https:\/\/wp.me\/pRK4T-qU","_links":{"self":[{"href":"https:\/\/jennyundmarcel.de\/index.php?rest_route=\/wp\/v2\/posts\/1668","targetHints":{"allow":["GET"]}}],"collection":[{"href":"https:\/\/jennyundmarcel.de\/index.php?rest_route=\/wp\/v2\/posts"}],"about":[{"href":"https:\/\/jennyundmarcel.de\/index.php?rest_route=\/wp\/v2\/types\/post"}],"author":[{"embeddable":true,"href":"https:\/\/jennyundmarcel.de\/index.php?rest_route=\/wp\/v2\/users\/1"}],"replies":[{"embeddable":true,"href":"https:\/\/jennyundmarcel.de\/index.php?rest_route=%2Fwp%2Fv2%2Fcomments&post=1668"}],"version-history":[{"count":37,"href":"https:\/\/jennyundmarcel.de\/index.php?rest_route=\/wp\/v2\/posts\/1668\/revisions"}],"predecessor-version":[{"id":1715,"href":"https:\/\/jennyundmarcel.de\/index.php?rest_route=\/wp\/v2\/posts\/1668\/revisions\/1715"}],"wp:attachment":[{"href":"https:\/\/jennyundmarcel.de\/index.php?rest_route=%2Fwp%2Fv2%2Fmedia&parent=1668"}],"wp:term":[{"taxonomy":"category","embeddable":true,"href":"https:\/\/jennyundmarcel.de\/index.php?rest_route=%2Fwp%2Fv2%2Fcategories&post=1668"},{"taxonomy":"post_tag","embeddable":true,"href":"https:\/\/jennyundmarcel.de\/index.php?rest_route=%2Fwp%2Fv2%2Ftags&post=1668"}],"curies":[{"name":"wp","href":"https:\/\/api.w.org\/{rel}","templated":true}]}}