{"id":1869,"date":"2011-02-10T22:31:21","date_gmt":"2011-02-10T20:31:21","guid":{"rendered":"http:\/\/www.jennyundmarcel.de\/wordpress\/?p=1869"},"modified":"2011-02-11T08:48:05","modified_gmt":"2011-02-11T06:48:05","slug":"wir-haben-strom","status":"publish","type":"post","link":"https:\/\/jennyundmarcel.de\/?p=1869","title":{"rendered":"Wir haben Strom"},"content":{"rendered":"<p>Eine weitere H\u00fcrde zum &#8222;Normalbetrieb&#8220; unseres Hauses konnte heute genommen werden. Heute Mittag war der Techniker der EWV bei uns auf der Baustelle und hat beide Z\u00e4hler im Z\u00e4hlerschrank eingebaut und unsere Verdrahtung abgenommen. Au\u00dferdem wurde heute auch das Rundsteuerger\u00e4t\/Tarifschaltger\u00e4t durch die EWV eingebaut. Mit diesem per Powerline gespeisten Ger\u00e4t hat das EVU, in unserem Fall also die EWV, die M\u00f6glichkeit den Strom f\u00fcr die W\u00e4rmepumpe pro Tag f\u00fcr zwei Stunden abzuschalten. Somit k\u00f6nnen extreme Spitzen im Stromnetz besser kompensiert werden. F\u00fcr den Techniker der EWV war es auch das erste Ger\u00e4t, das er in Betrieb genommen hat (die Ger\u00e4te waren wohl sehr lange nicht lieferbar).<\/p>\n<p>Nachdem die Schaltung \u00fcberpr\u00fcft worden war und alles Wichtige verblombt worden ist, wurde auch direkt der Z\u00e4hler aus unserem Baustromz\u00e4hlerschrank ausgebaut. Jetzt kann ich die Kiste samt Anschlusskabel und Kreuzerder auch wieder zur\u00fcckbringen!<\/p>\n","protected":false},"excerpt":{"rendered":"<p>Eine weitere H\u00fcrde zum &#8222;Normalbetrieb&#8220; unseres Hauses konnte heute genommen werden. Heute Mittag war der Techniker der EWV bei uns auf der Baustelle und hat beide Z\u00e4hler im Z\u00e4hlerschrank eingebaut und unsere Verdrahtung abgenommen. Au\u00dferdem wurde heute auch das Rundsteuerger\u00e4t\/Tarifschaltger\u00e4t durch die EWV eingebaut. Mit diesem per Powerline gespeisten Ger\u00e4t hat das EVU, in unserem [&hellip;]<\/p>\n","protected":false},"author":1,"featured_media":0,"comment_status":"open","ping_status":"closed","sticky":false,"template":"","format":"standard","meta":{"ngg_post_thumbnail":0,"jetpack_post_was_ever_published":false,"_jetpack_newsletter_access":"","_jetpack_dont_email_post_to_subs":false,"_jetpack_newsletter_tier_id":0,"_jetpack_memberships_contains_paywalled_content":false,"_jetpack_memberships_contains_paid_content":false,"footnotes":""},"categories":[429,35],"tags":[1555,1266,2936,1318,680,2919,2944,1473,2942,2933,2938,2939,2937,2935,2941,677,1317,1544,2943,2934,906,2922,2914,2940],"class_list":["post-1869","post","type-post","status-publish","format-standard","hentry","category-elektroinstallation","category-keller","tag-anschlusskabel","tag-baustelle","tag-baustromzahlerschrank","tag-evu","tag-ewv","tag-kiste","tag-kreuzerder","tag-mittag","tag-nicht-lieferbar","tag-normalbetrieb","tag-powerline","tag-pro-tag","tag-rundsteuergerat","tag-schaltung","tag-spitzen","tag-strom","tag-stromnetz","tag-techniker","tag-verblombt","tag-verdrahtung","tag-warmepumpe","tag-zahler","tag-zahlerschrank","tag-zwei-stunden"],"jetpack_featured_media_url":"","jetpack_sharing_enabled":true,"jetpack_shortlink":"https:\/\/wp.me\/pRK4T-u9","_links":{"self":[{"href":"https:\/\/jennyundmarcel.de\/index.php?rest_route=\/wp\/v2\/posts\/1869","targetHints":{"allow":["GET"]}}],"collection":[{"href":"https:\/\/jennyundmarcel.de\/index.php?rest_route=\/wp\/v2\/posts"}],"about":[{"href":"https:\/\/jennyundmarcel.de\/index.php?rest_route=\/wp\/v2\/types\/post"}],"author":[{"embeddable":true,"href":"https:\/\/jennyundmarcel.de\/index.php?rest_route=\/wp\/v2\/users\/1"}],"replies":[{"embeddable":true,"href":"https:\/\/jennyundmarcel.de\/index.php?rest_route=%2Fwp%2Fv2%2Fcomments&post=1869"}],"version-history":[{"count":7,"href":"https:\/\/jennyundmarcel.de\/index.php?rest_route=\/wp\/v2\/posts\/1869\/revisions"}],"predecessor-version":[{"id":1873,"href":"https:\/\/jennyundmarcel.de\/index.php?rest_route=\/wp\/v2\/posts\/1869\/revisions\/1873"}],"wp:attachment":[{"href":"https:\/\/jennyundmarcel.de\/index.php?rest_route=%2Fwp%2Fv2%2Fmedia&parent=1869"}],"wp:term":[{"taxonomy":"category","embeddable":true,"href":"https:\/\/jennyundmarcel.de\/index.php?rest_route=%2Fwp%2Fv2%2Fcategories&post=1869"},{"taxonomy":"post_tag","embeddable":true,"href":"https:\/\/jennyundmarcel.de\/index.php?rest_route=%2Fwp%2Fv2%2Ftags&post=1869"}],"curies":[{"name":"wp","href":"https:\/\/api.w.org\/{rel}","templated":true}]}}