{"id":1877,"date":"2011-02-12T20:45:33","date_gmt":"2011-02-12T18:45:33","guid":{"rendered":"http:\/\/www.jennyundmarcel.de\/wordpress\/?p=1877"},"modified":"2011-02-14T09:41:08","modified_gmt":"2011-02-14T07:41:08","slug":"die-wohnzimmerdecke-hat-holz-vor-der-hutte","status":"publish","type":"post","link":"https:\/\/jennyundmarcel.de\/?p=1877","title":{"rendered":"Die Wohnzimmerdecke hat Holz vor der H\u00fctte"},"content":{"rendered":"<p>Es ist Samstag, die Sonne scheint draussen und drinnen wird gewerkelt. Heute haben wir wieder tatkr\u00e4ftige Unterst\u00fctzung durch Bruno. Auf dem Plan steht die Verlattung der Wohnzimmer- und Esszimmerdecke. Nach einigen Stunden sah unsere Decke nicht mehr &#8222;nur&#8220; blau aus, sondern so:<\/p>\n<p style=\"text-align: center;\"><a rel=\"attachment wp-att-1879\" href=\"https:\/\/jennyundmarcel.de\/wordpress\/?attachment_id=1879\"><img loading=\"lazy\" decoding=\"async\" class=\"size-large wp-image-1879 aligncenter\" title=\"Verlattung Wohnzimmerdecke\" src=\"https:\/\/jennyundmarcel.de\/wordpress\/wp-content\/uploads\/2011\/02\/P1120258-500x666.jpg\" alt=\"Verlattung Wohnzimmerdecke\" width=\"500\" height=\"666\" srcset=\"https:\/\/jennyundmarcel.de\/wp-content\/uploads\/2011\/02\/P1120258-500x666.jpg 500w, https:\/\/jennyundmarcel.de\/wp-content\/uploads\/2011\/02\/P1120258-112x150.jpg 112w, https:\/\/jennyundmarcel.de\/wp-content\/uploads\/2011\/02\/P1120258-225x300.jpg 225w\" sizes=\"auto, (max-width: 500px) 100vw, 500px\" \/><\/a><\/p>\n<p style=\"text-align: left;\">An dieser Stelle muss ich unbedingt mal erw\u00e4hnen, dass die Schrauben von W\u00fcrth echt klasse sind. Ich bin echt begeistert. Und Danke Bruno, f\u00fcrs Helfen!<\/p>\n<p style=\"text-align: left;\">Jetzt werden wir als n\u00e4chstes noch die verbliebenen Au\u00dfenw\u00e4nde im EG (Abstellraum, K\u00fcche und Flur) und im OG (Schlafzimmer und Bad) mit der Dampfbremsfolie verkleiden.<\/p>\n","protected":false},"excerpt":{"rendered":"<p>Es ist Samstag, die Sonne scheint draussen und drinnen wird gewerkelt. Heute haben wir wieder tatkr\u00e4ftige Unterst\u00fctzung durch Bruno. Auf dem Plan steht die Verlattung der Wohnzimmer- und Esszimmerdecke. Nach einigen Stunden sah unsere Decke nicht mehr &#8222;nur&#8220; blau aus, sondern so: An dieser Stelle muss ich unbedingt mal erw\u00e4hnen, dass die Schrauben von W\u00fcrth [&hellip;]<\/p>\n","protected":false},"author":1,"featured_media":0,"comment_status":"open","ping_status":"closed","sticky":false,"template":"","format":"standard","meta":{"ngg_post_thumbnail":0,"jetpack_post_was_ever_published":false,"_jetpack_newsletter_access":"","_jetpack_dont_email_post_to_subs":false,"_jetpack_newsletter_tier_id":0,"_jetpack_memberships_contains_paywalled_content":false,"_jetpack_memberships_contains_paid_content":false,"footnotes":""},"categories":[1],"tags":[1847,1186,166,341,1895,1428,2889,2904],"class_list":["post-1877","post","type-post","status-publish","format-standard","hentry","category-allgemein","tag-bruno","tag-decke","tag-esszimmer","tag-plan","tag-sonne","tag-unterstutzung","tag-verlattung","tag-wonzimmer"],"jetpack_featured_media_url":"","jetpack_sharing_enabled":true,"jetpack_shortlink":"https:\/\/wp.me\/pRK4T-uh","_links":{"self":[{"href":"https:\/\/jennyundmarcel.de\/index.php?rest_route=\/wp\/v2\/posts\/1877","targetHints":{"allow":["GET"]}}],"collection":[{"href":"https:\/\/jennyundmarcel.de\/index.php?rest_route=\/wp\/v2\/posts"}],"about":[{"href":"https:\/\/jennyundmarcel.de\/index.php?rest_route=\/wp\/v2\/types\/post"}],"author":[{"embeddable":true,"href":"https:\/\/jennyundmarcel.de\/index.php?rest_route=\/wp\/v2\/users\/1"}],"replies":[{"embeddable":true,"href":"https:\/\/jennyundmarcel.de\/index.php?rest_route=%2Fwp%2Fv2%2Fcomments&post=1877"}],"version-history":[{"count":10,"href":"https:\/\/jennyundmarcel.de\/index.php?rest_route=\/wp\/v2\/posts\/1877\/revisions"}],"predecessor-version":[{"id":1888,"href":"https:\/\/jennyundmarcel.de\/index.php?rest_route=\/wp\/v2\/posts\/1877\/revisions\/1888"}],"wp:attachment":[{"href":"https:\/\/jennyundmarcel.de\/index.php?rest_route=%2Fwp%2Fv2%2Fmedia&parent=1877"}],"wp:term":[{"taxonomy":"category","embeddable":true,"href":"https:\/\/jennyundmarcel.de\/index.php?rest_route=%2Fwp%2Fv2%2Fcategories&post=1877"},{"taxonomy":"post_tag","embeddable":true,"href":"https:\/\/jennyundmarcel.de\/index.php?rest_route=%2Fwp%2Fv2%2Ftags&post=1877"}],"curies":[{"name":"wp","href":"https:\/\/api.w.org\/{rel}","templated":true}]}}