{"id":2020,"date":"2011-03-12T21:09:35","date_gmt":"2011-03-12T19:09:35","guid":{"rendered":"http:\/\/www.jennyundmarcel.de\/wordpress\/?p=2020"},"modified":"2011-03-14T14:31:28","modified_gmt":"2011-03-14T12:31:28","slug":"decke-flur-erdgeschoss","status":"publish","type":"post","link":"https:\/\/jennyundmarcel.de\/?p=2020","title":{"rendered":"Decke Flur Erdgeschoss"},"content":{"rendered":"<p>Diesen Samstag haben wir die Decke im Erdgeschoss Flur ausgerichtet und anschlie\u00dfend die zugeh\u00f6rigen Deckenrigipsplatten angebracht. Danach haben wir noch zwei gro\u00dfe Wandrigipsplatten im Treppenhaus an den W\u00e4nden montiert. Hier ist der Aufwand nat\u00fcrlich jetzt um einiges h\u00f6her, weil man<\/p>\n<p>a) die Dachschr\u00e4ge genau abmessen muss und<br \/>\nb) nicht mehr ganz so einfach an die Platten bzw. Wand heran kommt.<\/p>\n<p>Hat aber ganz gut geklappt. Die restlichen Rigipsplatten k\u00f6nnen im Treppenhaus aber erst angebracht werden, wenn die Lattung an der Decke erstellt worden ist. Das steht f\u00fcr Morgen auf dem Plan.<\/p>\n<p>Zu guter Letzt hat Jenny noch einige Schrauben verspachtelt und ich habe in der Zeit einige Rigipsplatten\u00fcberg\u00e4nge verspachtelt. Mittlerweile schallt es im ganzen Erdgeschoss und immer mehr und mehr siehts nach &#8222;richtigen&#8220; R\u00e4umen aus. Die R\u00e4ume wirken jetzt viel heller und gr\u00f6\u00dfer. Was der Rigips doch ausmacht.<\/p>\n<p><a rel=\"attachment wp-att-2037\" href=\"https:\/\/jennyundmarcel.de\/wordpress\/?attachment_id=2037\"><img loading=\"lazy\" decoding=\"async\" class=\"aligncenter size-large wp-image-2037\" title=\"Flur EG Decke\" src=\"https:\/\/jennyundmarcel.de\/wordpress\/wp-content\/uploads\/2011\/03\/P1120473-500x375.jpg\" alt=\"Flur EG Decke\" width=\"500\" height=\"375\" srcset=\"https:\/\/jennyundmarcel.de\/wp-content\/uploads\/2011\/03\/P1120473-500x375.jpg 500w, https:\/\/jennyundmarcel.de\/wp-content\/uploads\/2011\/03\/P1120473-150x112.jpg 150w, https:\/\/jennyundmarcel.de\/wp-content\/uploads\/2011\/03\/P1120473-300x225.jpg 300w\" sizes=\"auto, (max-width: 500px) 100vw, 500px\" \/><\/a><\/p>\n<p><a rel=\"attachment wp-att-2042\" href=\"https:\/\/jennyundmarcel.de\/wordpress\/?attachment_id=2042\"><img loading=\"lazy\" decoding=\"async\" class=\"aligncenter size-large wp-image-2042\" title=\"Flur EG Treppenaufgang\" src=\"https:\/\/jennyundmarcel.de\/wordpress\/wp-content\/uploads\/2011\/03\/P1120471-500x666.jpg\" alt=\"Flur EG Treppenaufgang\" width=\"500\" height=\"666\" srcset=\"https:\/\/jennyundmarcel.de\/wp-content\/uploads\/2011\/03\/P1120471-500x666.jpg 500w, https:\/\/jennyundmarcel.de\/wp-content\/uploads\/2011\/03\/P1120471-112x150.jpg 112w, https:\/\/jennyundmarcel.de\/wp-content\/uploads\/2011\/03\/P1120471-225x300.jpg 225w\" sizes=\"auto, (max-width: 500px) 100vw, 500px\" \/><\/a><\/p>\n","protected":false},"excerpt":{"rendered":"<p>Diesen Samstag haben wir die Decke im Erdgeschoss Flur ausgerichtet und anschlie\u00dfend die zugeh\u00f6rigen Deckenrigipsplatten angebracht. Danach haben wir noch zwei gro\u00dfe Wandrigipsplatten im Treppenhaus an den W\u00e4nden montiert. Hier ist der Aufwand nat\u00fcrlich jetzt um einiges h\u00f6her, weil man a) die Dachschr\u00e4ge genau abmessen muss und b) nicht mehr ganz so einfach an die [&hellip;]<\/p>\n","protected":false},"author":1,"featured_media":0,"comment_status":"open","ping_status":"closed","sticky":false,"template":"","format":"standard","meta":{"ngg_post_thumbnail":0,"jetpack_post_was_ever_published":false,"_jetpack_newsletter_access":"","_jetpack_dont_email_post_to_subs":false,"_jetpack_newsletter_tier_id":0,"_jetpack_memberships_contains_paywalled_content":false,"_jetpack_memberships_contains_paid_content":false,"footnotes":""},"categories":[3089],"tags":[3226,2805,2326,1186,932,1099,3229,3228,726,1294,341,3095,2012,2145,2432,3227,363,2385,2454,3156,2368,3225,1263],"class_list":["post-2020","post","type-post","status-publish","format-standard","hentry","category-trockenbau","tag-abmessen","tag-aufwand","tag-dachschrage","tag-decke","tag-erdgeschoss","tag-flur","tag-groser","tag-heller","tag-jenny","tag-morgen","tag-plan","tag-platten","tag-raume","tag-rigips","tag-rigipsplatten","tag-rigipsplattenubergange","tag-samstag","tag-schrauben","tag-treppenhaus","tag-verspachtelt","tag-wand","tag-wanden","tag-zeit"],"jetpack_featured_media_url":"","jetpack_sharing_enabled":true,"jetpack_shortlink":"https:\/\/wp.me\/pRK4T-wA","_links":{"self":[{"href":"https:\/\/jennyundmarcel.de\/index.php?rest_route=\/wp\/v2\/posts\/2020","targetHints":{"allow":["GET"]}}],"collection":[{"href":"https:\/\/jennyundmarcel.de\/index.php?rest_route=\/wp\/v2\/posts"}],"about":[{"href":"https:\/\/jennyundmarcel.de\/index.php?rest_route=\/wp\/v2\/types\/post"}],"author":[{"embeddable":true,"href":"https:\/\/jennyundmarcel.de\/index.php?rest_route=\/wp\/v2\/users\/1"}],"replies":[{"embeddable":true,"href":"https:\/\/jennyundmarcel.de\/index.php?rest_route=%2Fwp%2Fv2%2Fcomments&post=2020"}],"version-history":[{"count":11,"href":"https:\/\/jennyundmarcel.de\/index.php?rest_route=\/wp\/v2\/posts\/2020\/revisions"}],"predecessor-version":[{"id":2044,"href":"https:\/\/jennyundmarcel.de\/index.php?rest_route=\/wp\/v2\/posts\/2020\/revisions\/2044"}],"wp:attachment":[{"href":"https:\/\/jennyundmarcel.de\/index.php?rest_route=%2Fwp%2Fv2%2Fmedia&parent=2020"}],"wp:term":[{"taxonomy":"category","embeddable":true,"href":"https:\/\/jennyundmarcel.de\/index.php?rest_route=%2Fwp%2Fv2%2Fcategories&post=2020"},{"taxonomy":"post_tag","embeddable":true,"href":"https:\/\/jennyundmarcel.de\/index.php?rest_route=%2Fwp%2Fv2%2Ftags&post=2020"}],"curies":[{"name":"wp","href":"https:\/\/api.w.org\/{rel}","templated":true}]}}