{"id":2295,"date":"2011-05-26T23:55:45","date_gmt":"2011-05-26T21:55:45","guid":{"rendered":"http:\/\/www.jennyundmarcel.de\/wordpress\/?p=2295"},"modified":"2011-05-27T13:38:54","modified_gmt":"2011-05-27T11:38:54","slug":"treppe-teilzerlegt","status":"publish","type":"post","link":"https:\/\/jennyundmarcel.de\/?p=2295","title":{"rendered":"(Bau-)Treppe teilzerlegt"},"content":{"rendered":"<p>Damit der Fliesenleger auch weiter die Fliesen im Flur verlegen kann, muss der unterste Teil der Treppe zerlegt werden. Die F\u00fc\u00dfe, die auf dem Betonboden des Erdgeschosses stehen m\u00fcssen entfernt werden, damit darunter gefliest werden kann. Entweder baut man die Bautreppe dann ganz ab und nutzt eine Leiter, um ins OG zu gelangen oder aber man unterf\u00e4ngt die Treppe, damit man weiterhin ohne Probleme ins Obergeschoss gelangt. Da bei uns der Umzug am kommenden Sonntag ansteht, kommt der Abbau der Treppe gar nicht in Frage. Also musste ich die Treppe unterfangen. Dazu habe ich zwei schwere Holzbalken genommen und diese entsprechend unterhalb der Tr\u00e4ger montiert und mit der Treppe an X-Stellen verbunden. Meinen H\u00fcpf-Test hat das Konstrukt anstandslos \u00fcberstanden&#8230; *g<\/p>\n<p>Um nicht einen Hechtsprung auf das erste kleine Plateau hinlegen zu m\u00fcssen, habe ich an meiner Balkenkonstruktion noch eine Treppenstufe integriert. Jetzt ist auf jeden Fall der Weg frei f\u00fcr die restlichen Fliesen. Lediglich die letzen Fliesen an der Stirnseite zum Keller hinunter lassen wir frei, bis dass die Finale Treppe eingebaut worden ist. Sonst passt das nachher nicht oder es entsteht u.U. eine unsch\u00f6ne L\u00fccke.<\/p>\n","protected":false},"excerpt":{"rendered":"<p>Damit der Fliesenleger auch weiter die Fliesen im Flur verlegen kann, muss der unterste Teil der Treppe zerlegt werden. Die F\u00fc\u00dfe, die auf dem Betonboden des Erdgeschosses stehen m\u00fcssen entfernt werden, damit darunter gefliest werden kann. Entweder baut man die Bautreppe dann ganz ab und nutzt eine Leiter, um ins OG zu gelangen oder aber [&hellip;]<\/p>\n","protected":false},"author":1,"featured_media":0,"comment_status":"open","ping_status":"closed","sticky":false,"template":"","format":"standard","meta":{"ngg_post_thumbnail":0,"jetpack_post_was_ever_published":false,"_jetpack_newsletter_access":"","_jetpack_dont_email_post_to_subs":false,"_jetpack_newsletter_tier_id":0,"_jetpack_memberships_contains_paywalled_content":false,"_jetpack_memberships_contains_paid_content":false,"footnotes":""},"categories":[1],"tags":[3919,3926,3929,1615,1940,3917,932,1958,162,3580,1099,1005,2170,3927,3921,3924,3931,6479,2002,3925,1562,3932,2285,192,2069,3928,3058,3920,791,2475,3509,3922,854,3930,3871,3933,3918,1377,1891,3923,3916],"class_list":["post-2295","post","type-post","status-publish","format-standard","hentry","category-allgemein","tag-abbau","tag-anstandslos","tag-balkenkonstruktion","tag-baut","tag-bautreppe","tag-betonboden","tag-erdgeschoss","tag-finale","tag-fliesen","tag-fliesenleger","tag-flur","tag-frage","tag-fuse","tag-hechtsprung","tag-holzbalken","tag-hupf-test","tag-integriert","tag-keller","tag-kleine","tag-konstrukt","tag-leiter","tag-lucke","tag-montiert","tag-obergeschoss","tag-og","tag-plateau","tag-probleme","tag-schwere","tag-sonntag","tag-stirnseite","tag-teil","tag-trager","tag-treppe","tag-treppenstife","tag-umzug","tag-unschon","tag-unterfangen","tag-verlegen","tag-weg","tag-x-stellen","tag-zerlegt"],"jetpack_featured_media_url":"","jetpack_sharing_enabled":true,"jetpack_shortlink":"https:\/\/wp.me\/pRK4T-B1","_links":{"self":[{"href":"https:\/\/jennyundmarcel.de\/index.php?rest_route=\/wp\/v2\/posts\/2295","targetHints":{"allow":["GET"]}}],"collection":[{"href":"https:\/\/jennyundmarcel.de\/index.php?rest_route=\/wp\/v2\/posts"}],"about":[{"href":"https:\/\/jennyundmarcel.de\/index.php?rest_route=\/wp\/v2\/types\/post"}],"author":[{"embeddable":true,"href":"https:\/\/jennyundmarcel.de\/index.php?rest_route=\/wp\/v2\/users\/1"}],"replies":[{"embeddable":true,"href":"https:\/\/jennyundmarcel.de\/index.php?rest_route=%2Fwp%2Fv2%2Fcomments&post=2295"}],"version-history":[{"count":3,"href":"https:\/\/jennyundmarcel.de\/index.php?rest_route=\/wp\/v2\/posts\/2295\/revisions"}],"predecessor-version":[{"id":2298,"href":"https:\/\/jennyundmarcel.de\/index.php?rest_route=\/wp\/v2\/posts\/2295\/revisions\/2298"}],"wp:attachment":[{"href":"https:\/\/jennyundmarcel.de\/index.php?rest_route=%2Fwp%2Fv2%2Fmedia&parent=2295"}],"wp:term":[{"taxonomy":"category","embeddable":true,"href":"https:\/\/jennyundmarcel.de\/index.php?rest_route=%2Fwp%2Fv2%2Fcategories&post=2295"},{"taxonomy":"post_tag","embeddable":true,"href":"https:\/\/jennyundmarcel.de\/index.php?rest_route=%2Fwp%2Fv2%2Ftags&post=2295"}],"curies":[{"name":"wp","href":"https:\/\/api.w.org\/{rel}","templated":true}]}}