{"id":235,"date":"2009-11-26T17:00:09","date_gmt":"2009-11-26T17:00:09","guid":{"rendered":"http:\/\/www.jennyundmarcel.de\/wordpress\/?p=235"},"modified":"2010-04-07T09:16:29","modified_gmt":"2010-04-07T09:16:29","slug":"besuch-des-planungsamts-der-stadt-eschweiler","status":"publish","type":"post","link":"https:\/\/jennyundmarcel.de\/?p=235","title":{"rendered":"Besuch des Planungsamts der Stadt Eschweiler"},"content":{"rendered":"<p>Heute Abend sind wir nach der Arbeit mal flott nach Eschweiler zur Stadtverwaltung ged\u00fcst, um uns im Planungsamt mal den Bebauungsplan von Fronhoven anzugucken. Nat\u00fcrlich hatte ich zuvor bei der Stadt angerufen, um einen Termin f\u00fcr die Einsicht auszumachen. Mir wurde jedoch gesagt, dass das jederzeit ohne Termin m\u00f6glich sei &#8211; so also auch an diesem Donnerstag. \u00dcberraschenderweise ist das Planungsamt Donnerstags bis 17:45 Uhr ge\u00f6ffnet &#8211; damit h\u00e4tten wir ja nun wirklich nicht gerechnet.<\/p>\n<p>Wir also den Wagen geparkt, in das Rathaus &#8218;rein und hoch in die 4. Etage ins Planungsamt. Dort wurde uns dann der Original Bebauungsplan vorgelegt und auch wirklich sehr detailliert erkl\u00e4rt. Man hat uns sogar eine Kopie von dem f\u00fcr uns interessanten Ausschnitt aus dem Bebauungsplan erstellt und die textliche Festsetzung zum Bebauungsplan Fronhoven mitgegeben. In dieser sind alle Vorgaben f\u00fcr den Bau auf &#8222;unserem&#8220; Grundst\u00fcck angegeben.<\/p>\n<p>Von der Erkl\u00e4rungsbereitschaft der Stadt Eschweiler waren wir mehr als positiv \u00fcberrascht! Hoffentlich h\u00e4lt diese Vorgehensweise auch f\u00fcr unseren evtl. Bau und dessen Planung bei der Stadt an. Wir werden sehen.<\/p>\n","protected":false},"excerpt":{"rendered":"<p>Heute Abend sind wir nach der Arbeit mal flott nach Eschweiler zur Stadtverwaltung ged\u00fcst, um uns im Planungsamt mal den Bebauungsplan von Fronhoven anzugucken. Nat\u00fcrlich hatte ich zuvor bei der Stadt angerufen, um einen Termin f\u00fcr die Einsicht auszumachen. Mir wurde jedoch gesagt, dass das jederzeit ohne Termin m\u00f6glich sei &#8211; so also auch an [&hellip;]<\/p>\n","protected":false},"author":1,"featured_media":0,"comment_status":"open","ping_status":"closed","sticky":false,"template":"","format":"standard","meta":{"ngg_post_thumbnail":0,"jetpack_post_was_ever_published":false,"_jetpack_newsletter_access":"","_jetpack_dont_email_post_to_subs":false,"_jetpack_newsletter_tier_id":0,"_jetpack_memberships_contains_paywalled_content":false,"_jetpack_memberships_contains_paid_content":false,"footnotes":""},"categories":[1,18],"tags":[24,12,22,38,28,44,4,20,19,6476,5,25,8,73,74,26,27],"class_list":["post-235","post","type-post","status-publish","format-standard","hentry","category-allgemein","category-grundstuck","tag-bahn","tag-bauen","tag-blausteinsee","tag-bodengutachten","tag-bodenrichtwert","tag-bohrungen","tag-eigenheim","tag-eschweiler","tag-fronhoven","tag-grundstuck","tag-haus-bauen","tag-kraftwerk","tag-location","tag-planung","tag-planungsamt","tag-weisweiler","tag-wolkenfabrik"],"jetpack_featured_media_url":"","jetpack_sharing_enabled":true,"jetpack_shortlink":"https:\/\/wp.me\/pRK4T-3N","_links":{"self":[{"href":"https:\/\/jennyundmarcel.de\/index.php?rest_route=\/wp\/v2\/posts\/235","targetHints":{"allow":["GET"]}}],"collection":[{"href":"https:\/\/jennyundmarcel.de\/index.php?rest_route=\/wp\/v2\/posts"}],"about":[{"href":"https:\/\/jennyundmarcel.de\/index.php?rest_route=\/wp\/v2\/types\/post"}],"author":[{"embeddable":true,"href":"https:\/\/jennyundmarcel.de\/index.php?rest_route=\/wp\/v2\/users\/1"}],"replies":[{"embeddable":true,"href":"https:\/\/jennyundmarcel.de\/index.php?rest_route=%2Fwp%2Fv2%2Fcomments&post=235"}],"version-history":[{"count":6,"href":"https:\/\/jennyundmarcel.de\/index.php?rest_route=\/wp\/v2\/posts\/235\/revisions"}],"predecessor-version":[{"id":243,"href":"https:\/\/jennyundmarcel.de\/index.php?rest_route=\/wp\/v2\/posts\/235\/revisions\/243"}],"wp:attachment":[{"href":"https:\/\/jennyundmarcel.de\/index.php?rest_route=%2Fwp%2Fv2%2Fmedia&parent=235"}],"wp:term":[{"taxonomy":"category","embeddable":true,"href":"https:\/\/jennyundmarcel.de\/index.php?rest_route=%2Fwp%2Fv2%2Fcategories&post=235"},{"taxonomy":"post_tag","embeddable":true,"href":"https:\/\/jennyundmarcel.de\/index.php?rest_route=%2Fwp%2Fv2%2Ftags&post=235"}],"curies":[{"name":"wp","href":"https:\/\/api.w.org\/{rel}","templated":true}]}}