{"id":2365,"date":"2011-06-13T18:00:03","date_gmt":"2011-06-13T16:00:03","guid":{"rendered":"http:\/\/www.jennyundmarcel.de\/wordpress\/?p=2365"},"modified":"2011-06-20T12:49:22","modified_gmt":"2011-06-20T10:49:22","slug":"kinderzimmermobel-aufgebaut","status":"publish","type":"post","link":"https:\/\/jennyundmarcel.de\/?p=2365","title":{"rendered":"Kinderzimmerm\u00f6bel aufgebaut"},"content":{"rendered":"<p>Es ist Feiertag und wir haben somit gen\u00fcgend Zeit die Kinderzimmerm\u00f6bel aufzubauen. Die Wickelkommode hatten wir ja bereits vor einigen Tagen aufgebaut &#8211; heute stand also (nur) noch der dreit\u00fcrige Kleiderschrank und das Bett auf unserer ToDo-Liste. Das Kinderbett mit unsichtbaren Schlupfstangen (unsichtbar, weil man die Federn nicht sehen kann bzw. weil sich die Stangen nicht von den anderen Stangen ohne Schlupffunktion unterscheiden) hat die Ma\u00dfe 60&#215;120 cm und ist sp\u00e4ter noch umbaubar zu einem &#8222;normalen&#8220; Bett. Die dazu ben\u00f6tigten Umbauteile haben wir beim Hersteller direkt mitbestellt. Der Schrank ist knapp 1,90 m hoch, 154 cm breit und 54 cm tief. Die Wickelkommode verf\u00fcgt \u00fcber drei Schubladen mit Selbsteinzug. Die M\u00f6bel machen alle einen sehr massiven\/wertigen Eindruck. Mal sehen, wie sich diese im Alltag bew\u00e4hren werden. Und wir denken, dass der Kleine recht lange von dem M\u00f6beln haben wird, weil Sie nicht zu sehr auf Baby getrimmt sind.<\/p>\n<p>Fotos von den Schr\u00e4nken folgen in K\u00fcrze&#8230;<\/p>\n","protected":false},"excerpt":{"rendered":"<p>Es ist Feiertag und wir haben somit gen\u00fcgend Zeit die Kinderzimmerm\u00f6bel aufzubauen. Die Wickelkommode hatten wir ja bereits vor einigen Tagen aufgebaut &#8211; heute stand also (nur) noch der dreit\u00fcrige Kleiderschrank und das Bett auf unserer ToDo-Liste. Das Kinderbett mit unsichtbaren Schlupfstangen (unsichtbar, weil man die Federn nicht sehen kann bzw. weil sich die Stangen [&hellip;]<\/p>\n","protected":false},"author":1,"featured_media":0,"comment_status":"open","ping_status":"closed","sticky":false,"template":"","format":"standard","meta":{"ngg_post_thumbnail":0,"jetpack_post_was_ever_published":false,"_jetpack_newsletter_access":"","_jetpack_dont_email_post_to_subs":false,"_jetpack_newsletter_tier_id":0,"_jetpack_memberships_contains_paywalled_content":false,"_jetpack_memberships_contains_paid_content":false,"footnotes":""},"categories":[264],"tags":[4167,4168,4162,4166,4173,4174,3242,4156,947,4159,4152,188,4175,1548,2493,4153,4157,2002,4155,4176,4171,4165,6488,4161,4158,4169,4170,4160,1668,4163,4164,4172,4154,1263],"class_list":["post-2365","post","type-post","status-publish","format-standard","hentry","category-mobel","tag-154-cm","tag-54-cm","tag-60x120","tag-90-m","tag-alltag","tag-baby","tag-bett","tag-dreiturig","tag-eindruck","tag-federn","tag-feiertag","tag-fotos","tag-getrimmt","tag-hersteller","tag-kinderzimmer","tag-kinderzimmermobel","tag-kleiderschrank","tag-kleine","tag-kommode","tag-kurze","tag-massiv","tag-mitbestellt","tag-mobel","tag-schlupffunktion","tag-schlupfstangen","tag-schubladen","tag-selbsteinzug","tag-stangen","tag-todo-liste","tag-umbaubar","tag-umbauteile","tag-wertig","tag-wickelkommode","tag-zeit"],"jetpack_featured_media_url":"","jetpack_sharing_enabled":true,"jetpack_shortlink":"https:\/\/wp.me\/pRK4T-C9","_links":{"self":[{"href":"https:\/\/jennyundmarcel.de\/index.php?rest_route=\/wp\/v2\/posts\/2365","targetHints":{"allow":["GET"]}}],"collection":[{"href":"https:\/\/jennyundmarcel.de\/index.php?rest_route=\/wp\/v2\/posts"}],"about":[{"href":"https:\/\/jennyundmarcel.de\/index.php?rest_route=\/wp\/v2\/types\/post"}],"author":[{"embeddable":true,"href":"https:\/\/jennyundmarcel.de\/index.php?rest_route=\/wp\/v2\/users\/1"}],"replies":[{"embeddable":true,"href":"https:\/\/jennyundmarcel.de\/index.php?rest_route=%2Fwp%2Fv2%2Fcomments&post=2365"}],"version-history":[{"count":3,"href":"https:\/\/jennyundmarcel.de\/index.php?rest_route=\/wp\/v2\/posts\/2365\/revisions"}],"predecessor-version":[{"id":2372,"href":"https:\/\/jennyundmarcel.de\/index.php?rest_route=\/wp\/v2\/posts\/2365\/revisions\/2372"}],"wp:attachment":[{"href":"https:\/\/jennyundmarcel.de\/index.php?rest_route=%2Fwp%2Fv2%2Fmedia&parent=2365"}],"wp:term":[{"taxonomy":"category","embeddable":true,"href":"https:\/\/jennyundmarcel.de\/index.php?rest_route=%2Fwp%2Fv2%2Fcategories&post=2365"},{"taxonomy":"post_tag","embeddable":true,"href":"https:\/\/jennyundmarcel.de\/index.php?rest_route=%2Fwp%2Fv2%2Ftags&post=2365"}],"curies":[{"name":"wp","href":"https:\/\/api.w.org\/{rel}","templated":true}]}}