{"id":2672,"date":"2011-09-09T22:25:08","date_gmt":"2011-09-09T20:25:08","guid":{"rendered":"http:\/\/www.jennyundmarcel.de\/wordpress\/?p=2672"},"modified":"2011-09-13T22:40:49","modified_gmt":"2011-09-13T20:40:49","slug":"2672","status":"publish","type":"post","link":"https:\/\/jennyundmarcel.de\/?p=2672","title":{"rendered":"Garagenendspurt"},"content":{"rendered":"<p>F\u00fcr den heutigen Tag steht die Garage auf der ToDo-Liste. Nachdem das Garagendach in den vergangenen Tagen endlich fertig geworden ist und jetzt auch an der Zisterne angeschlossen ist kann es drinnen weiter gehen. Zur Zeit kann man hier eher von einem Baustoffhandel als von einer Garage sprechen und da wir nun endlich auch ein Auto in die Garage stellen wollen muss sich hier etwas \u00e4ndern. Vor einigen Tagen hat mir mein Bruder schon dabei geholfen, die schweren und sperrigen Sachen in den Keller zu schleppen. Dann hat unser Erdbauer uns diese Woche noch etwas Splitt f\u00fcr die Garage geliefert, damit wir die unterschiedlichen H\u00f6hen (vorerst) angleichen k\u00f6nnen. Heute wird die Garage mal von den restlichen Sachen im Inneren &#8222;befreit&#8220;. Das ganze Holz (Reste von den Spanplatten) kommt nach drau\u00dfen, die beiden gro\u00dfen Regalb\u00f6den werden angepasst und dann aufgehangen\/montiert, damit die Sortierk\u00e4sten dort Ihren Platz finden k\u00f6nnen. Au\u00dferdem kann einiger Kram einfach weggeworfen werden. Die ganze Aktion dauert tats\u00e4chlich auch einen ganzen (Arbeits-)Tag, aber das Resultat kann sich sehen lassen. Alle Sachen finden einen Platz und endlich kann man auch ein Auto in der Garage parken. Nun muss ich unbedingt noch passende Haken \/ Halterungen f\u00fcr die Dachbox samt Fahrradtr\u00e4ger finden. Bisher war die Box in der alten Garage an der Wand aufgehangen. In der neuen Garage m\u00f6chte ich diese an der Decke h\u00e4ngen. Daf\u00fcr ben\u00f6tige ich allerdings andere Halter &#8211; mal sehen, ob ein Baustoffhandel fertig passende Halter daf\u00fcr f\u00fchrt, oder ob ich da etwas &#8222;bauen&#8220; bzw. basteln muss.<\/p>\n","protected":false},"excerpt":{"rendered":"<p>F\u00fcr den heutigen Tag steht die Garage auf der ToDo-Liste. Nachdem das Garagendach in den vergangenen Tagen endlich fertig geworden ist und jetzt auch an der Zisterne angeschlossen ist kann es drinnen weiter gehen. Zur Zeit kann man hier eher von einem Baustoffhandel als von einer Garage sprechen und da wir nun endlich auch ein [&hellip;]<\/p>\n","protected":false},"author":1,"featured_media":0,"comment_status":"open","ping_status":"closed","sticky":false,"template":"","format":"standard","meta":{"ngg_post_thumbnail":0,"jetpack_post_was_ever_published":false,"_jetpack_newsletter_access":"","_jetpack_dont_email_post_to_subs":false,"_jetpack_newsletter_tier_id":0,"_jetpack_memberships_contains_paywalled_content":false,"_jetpack_memberships_contains_paid_content":false,"footnotes":""},"categories":[734,58],"tags":[1563,4886,12,1739,4889,1787,1186,301,4887,6480,3322,4885,4445,4888,1566,4891,6479,1786,1860,2774,3428,4890,4727,1668,2368,1340,134],"class_list":["post-2672","post","type-post","status-publish","format-standard","hentry","category-baustoffe","category-garage","tag-auto","tag-basteln","tag-bauen","tag-baustoffhandel","tag-box","tag-bruder","tag-decke","tag-erdbauer","tag-fahrradtrager","tag-garage","tag-garagendach","tag-garagenendspurt","tag-halter","tag-hangen","tag-hohen","tag-josef-fleck","tag-keller","tag-pascal","tag-platz","tag-sachen","tag-schleppen","tag-sperrig","tag-splitt","tag-todo-liste","tag-wand","tag-woche","tag-zisterne"],"jetpack_featured_media_url":"","jetpack_sharing_enabled":true,"jetpack_shortlink":"https:\/\/wp.me\/sRK4T-2672","_links":{"self":[{"href":"https:\/\/jennyundmarcel.de\/index.php?rest_route=\/wp\/v2\/posts\/2672","targetHints":{"allow":["GET"]}}],"collection":[{"href":"https:\/\/jennyundmarcel.de\/index.php?rest_route=\/wp\/v2\/posts"}],"about":[{"href":"https:\/\/jennyundmarcel.de\/index.php?rest_route=\/wp\/v2\/types\/post"}],"author":[{"embeddable":true,"href":"https:\/\/jennyundmarcel.de\/index.php?rest_route=\/wp\/v2\/users\/1"}],"replies":[{"embeddable":true,"href":"https:\/\/jennyundmarcel.de\/index.php?rest_route=%2Fwp%2Fv2%2Fcomments&post=2672"}],"version-history":[{"count":3,"href":"https:\/\/jennyundmarcel.de\/index.php?rest_route=\/wp\/v2\/posts\/2672\/revisions"}],"predecessor-version":[{"id":2675,"href":"https:\/\/jennyundmarcel.de\/index.php?rest_route=\/wp\/v2\/posts\/2672\/revisions\/2675"}],"wp:attachment":[{"href":"https:\/\/jennyundmarcel.de\/index.php?rest_route=%2Fwp%2Fv2%2Fmedia&parent=2672"}],"wp:term":[{"taxonomy":"category","embeddable":true,"href":"https:\/\/jennyundmarcel.de\/index.php?rest_route=%2Fwp%2Fv2%2Fcategories&post=2672"},{"taxonomy":"post_tag","embeddable":true,"href":"https:\/\/jennyundmarcel.de\/index.php?rest_route=%2Fwp%2Fv2%2Ftags&post=2672"}],"curies":[{"name":"wp","href":"https:\/\/api.w.org\/{rel}","templated":true}]}}