{"id":2695,"date":"2011-10-02T08:00:33","date_gmt":"2011-10-02T06:00:33","guid":{"rendered":"http:\/\/www.jennyundmarcel.de\/wordpress\/?p=2695"},"modified":"2011-10-12T11:20:41","modified_gmt":"2011-10-12T09:20:41","slug":"drausen-ist-es-auf-einmal-so-dunkel","status":"publish","type":"post","link":"https:\/\/jennyundmarcel.de\/?p=2695","title":{"rendered":"Drau\u00dfen ist es auf einmal so dunkel&#8230;"},"content":{"rendered":"<p><em><span style=\"color: #888888;\">&#8211; &#8211; &#8211; NEWS &#8211; &#8211; &#8211; Laterne in Fronhoven Downtown gebrannt &#8211; &#8211; &#8211; NEWS &#8211; &#8211; &#8211;<\/span><\/em><\/p>\n<p>Genaueres wei\u00df ich noch nicht, aber es scheint so, als ob in der Wiesenstra\u00dfe eine Stra\u00dfenlaterne gebrannt hat. Aber hier die Vorgeschichte: In der vergangenen Nacht bin ich mal aufgestanden, um nach unserem Sohn zu sehen. Im Flur scheint normalerweise von drau\u00dfen die Stra\u00dfenlaterne hinein &#8211; aber heute ist es hier stocke-finster. Habe dann mal meine Nase nach drau\u00dfen gehalten und festgestellt, dass die ganze Stra\u00dfe kein Licht mehr hat, inkl. die Wiesenstra\u00dfe (zumindest den Teil, den ich von hier oben \/ von unserem Haus aus sehen kann). Es sind also mindestens vier Laternen ausgefallen. Mmmhhh&#8230; Stromausfall? Wie sich am n\u00e4chsten Tag herausstellte hat in der Wiesenstra\u00dfe eine Stra\u00dfenlaterne gebrannt und die Laternen hinter dieser Laternen erhalten keinen Strom mehr.<\/p>\n<p><a href=\"https:\/\/jennyundmarcel.de\/wordpress\/?attachment_id=2716\" rel=\"attachment wp-att-2716\"><img loading=\"lazy\" decoding=\"async\" class=\"aligncenter size-medium wp-image-2716\" title=\"abgebrannte Laterne\" src=\"https:\/\/jennyundmarcel.de\/wordpress\/wp-content\/uploads\/2011\/10\/abgebrannte-Laterne-300x198.jpg\" alt=\"abgebrannte Laterne\" width=\"300\" height=\"198\" srcset=\"https:\/\/jennyundmarcel.de\/wp-content\/uploads\/2011\/10\/abgebrannte-Laterne-300x198.jpg 300w, https:\/\/jennyundmarcel.de\/wp-content\/uploads\/2011\/10\/abgebrannte-Laterne-150x99.jpg 150w, https:\/\/jennyundmarcel.de\/wp-content\/uploads\/2011\/10\/abgebrannte-Laterne-500x330.jpg 500w\" sizes=\"auto, (max-width: 300px) 100vw, 300px\" \/><\/a><\/p>\n<p>UPDATE: Ich habe bei der Stadt Eschweiler angerufen und den Verantwortlichen f\u00fcr die Stra\u00dfenbeleuchtung \u00fcber den aktuellen Zustand informiert. <span style=\"text-decoration: underline;\">Am selben Tag<\/span> war noch jemand von der Fachabteilung hier vor Ort und hat die abgebrannte Laterne komplett demontiert (und anscheinend die Leitung zu den anderen Laternen repariert). Wir haben wieder Licht in der Stra\u00dfe. *freu<\/p>\n<p>UPDATE2: Jetzt ist auch schon wieder eine neue Laterne f\u00fcr die abgebrannte Laterne montiert worden. Es fehlt lediglich noch ein Lampenschirm mit der zugeh\u00f6rigen Beleuchtung.<\/p>\n","protected":false},"excerpt":{"rendered":"<p>&#8211; &#8211; &#8211; NEWS &#8211; &#8211; &#8211; Laterne in Fronhoven Downtown gebrannt &#8211; &#8211; &#8211; NEWS &#8211; &#8211; &#8211; Genaueres wei\u00df ich noch nicht, aber es scheint so, als ob in der Wiesenstra\u00dfe eine Stra\u00dfenlaterne gebrannt hat. Aber hier die Vorgeschichte: In der vergangenen Nacht bin ich mal aufgestanden, um nach unserem Sohn zu sehen. [&hellip;]<\/p>\n","protected":false},"author":1,"featured_media":0,"comment_status":"open","ping_status":"closed","sticky":false,"template":"","format":"standard","meta":{"ngg_post_thumbnail":0,"jetpack_post_was_ever_published":false,"_jetpack_newsletter_access":"","_jetpack_dont_email_post_to_subs":false,"_jetpack_newsletter_tier_id":0,"_jetpack_memberships_contains_paywalled_content":false,"_jetpack_memberships_contains_paid_content":false,"footnotes":""},"categories":[559,1858,429,306,599],"tags":[5043,2152,5030,5037,6509,2288,5025,2010,2267,5042,1099,5045,19,3997,569,3886,5035,5046,5024,2411,437,2585,5034,5026,5044,5032,5031,533,5033,6497,5041,5028,677,5038,3160,5039,5040,5036,1264,5029,5027,4242],"class_list":["post-2695","post","type-post","status-publish","format-standard","hentry","category-behorde","category-einfriedung","category-elektroinstallation","category-erdarbeiten","category-strase","tag-abgebrannt","tag-angerufen","tag-aufgestanden","tag-ausgefallen","tag-beleuchtung","tag-demontiert","tag-downtown","tag-drausen","tag-dunkel","tag-fachabteilung","tag-flur","tag-freu","tag-fronhoven","tag-gebrannt","tag-haus","tag-informiert","tag-kein-licht","tag-lampenschirm","tag-laterne","tag-leitung","tag-licht","tag-nacht","tag-nase","tag-news","tag-repariert","tag-scheint","tag-sohn","tag-stadt-eschweiler","tag-stocke-finster","tag-strase","tag-strasenbeleuchtung","tag-strasenlaterne","tag-strom","tag-stromausfall","tag-update","tag-update2","tag-verantwortlichen","tag-vier-laternen","tag-vor-ort","tag-vorgeschichte","tag-wiesenstrase","tag-zustand"],"jetpack_featured_media_url":"","jetpack_sharing_enabled":true,"jetpack_shortlink":"https:\/\/wp.me\/pRK4T-Ht","_links":{"self":[{"href":"https:\/\/jennyundmarcel.de\/index.php?rest_route=\/wp\/v2\/posts\/2695","targetHints":{"allow":["GET"]}}],"collection":[{"href":"https:\/\/jennyundmarcel.de\/index.php?rest_route=\/wp\/v2\/posts"}],"about":[{"href":"https:\/\/jennyundmarcel.de\/index.php?rest_route=\/wp\/v2\/types\/post"}],"author":[{"embeddable":true,"href":"https:\/\/jennyundmarcel.de\/index.php?rest_route=\/wp\/v2\/users\/1"}],"replies":[{"embeddable":true,"href":"https:\/\/jennyundmarcel.de\/index.php?rest_route=%2Fwp%2Fv2%2Fcomments&post=2695"}],"version-history":[{"count":8,"href":"https:\/\/jennyundmarcel.de\/index.php?rest_route=\/wp\/v2\/posts\/2695\/revisions"}],"predecessor-version":[{"id":2718,"href":"https:\/\/jennyundmarcel.de\/index.php?rest_route=\/wp\/v2\/posts\/2695\/revisions\/2718"}],"wp:attachment":[{"href":"https:\/\/jennyundmarcel.de\/index.php?rest_route=%2Fwp%2Fv2%2Fmedia&parent=2695"}],"wp:term":[{"taxonomy":"category","embeddable":true,"href":"https:\/\/jennyundmarcel.de\/index.php?rest_route=%2Fwp%2Fv2%2Fcategories&post=2695"},{"taxonomy":"post_tag","embeddable":true,"href":"https:\/\/jennyundmarcel.de\/index.php?rest_route=%2Fwp%2Fv2%2Ftags&post=2695"}],"curies":[{"name":"wp","href":"https:\/\/api.w.org\/{rel}","templated":true}]}}