{"id":2791,"date":"2011-11-30T22:00:26","date_gmt":"2011-11-30T20:00:26","guid":{"rendered":"http:\/\/www.jennyundmarcel.de\/wordpress\/?p=2791"},"modified":"2011-12-02T10:25:45","modified_gmt":"2011-12-02T08:25:45","slug":"kellerflur-tapeziert","status":"publish","type":"post","link":"https:\/\/jennyundmarcel.de\/?p=2791","title":{"rendered":"Kellerflur tapeziert"},"content":{"rendered":"<p>Letzte Woche und diese Woche wurde der Rest vom Treppenhaus und der Kellerflur fertig tapeziert. Wolfgang war so lieb und hat wieder voll in die H\u00e4nde gespuckt und alles gegeben. Jetzt erstrahlt der Flur im neuen Gewand. Es fehlen nun noch drei T\u00fcren samt Zargen und die beiden Lampen (wir haben im Kellerflur zwei Beleuchtungsquellen an der Decke vorgesehen. Die Lampen haben wir schon da, muss ich also nur noch montieren &#8211; Zargen und T\u00fcren m\u00fcssen noch gekauft werden. So wird es sogar im Keller immer wohnlicher. Da es drau\u00dfen jetzt immer fieser und k\u00e4lter wird, werden wir uns im Keller wohl auch in den n\u00e4chsten Wochen weiter austoben&#8230;<\/p>\n","protected":false},"excerpt":{"rendered":"<p>Letzte Woche und diese Woche wurde der Rest vom Treppenhaus und der Kellerflur fertig tapeziert. Wolfgang war so lieb und hat wieder voll in die H\u00e4nde gespuckt und alles gegeben. Jetzt erstrahlt der Flur im neuen Gewand. Es fehlen nun noch drei T\u00fcren samt Zargen und die beiden Lampen (wir haben im Kellerflur zwei Beleuchtungsquellen [&hellip;]<\/p>\n","protected":false},"author":1,"featured_media":0,"comment_status":"open","ping_status":"closed","sticky":false,"template":"","format":"standard","meta":{"ngg_post_thumbnail":0,"jetpack_post_was_ever_published":false,"_jetpack_newsletter_access":"","_jetpack_dont_email_post_to_subs":false,"_jetpack_newsletter_tier_id":0,"_jetpack_memberships_contains_paywalled_content":false,"_jetpack_memberships_contains_paid_content":false,"footnotes":""},"categories":[734,1964,35,937],"tags":[5310,5306,1186,5304,1478,5308,1099,2553,4617,5305,2347,5309,6479,2296,5168,2055,4008,2454,348,5307,1340,1761,3633],"class_list":["post-2791","post","type-post","status-publish","format-standard","hentry","category-baustoffe","category-beleuchtung","category-keller","category-wandbelag","tag-austoben","tag-beleuchtungsquellen","tag-decke","tag-erstrahlt","tag-fertig","tag-fieser","tag-flur","tag-gekauft","tag-gespuckt","tag-gewand","tag-hande","tag-kalter","tag-keller","tag-kellerflur","tag-lampen","tag-montieren","tag-tapeziert","tag-treppenhaus","tag-turen","tag-vorgesehen","tag-woche","tag-wolfgang","tag-zargen"],"jetpack_featured_media_url":"","jetpack_sharing_enabled":true,"jetpack_shortlink":"https:\/\/wp.me\/pRK4T-J1","_links":{"self":[{"href":"https:\/\/jennyundmarcel.de\/index.php?rest_route=\/wp\/v2\/posts\/2791","targetHints":{"allow":["GET"]}}],"collection":[{"href":"https:\/\/jennyundmarcel.de\/index.php?rest_route=\/wp\/v2\/posts"}],"about":[{"href":"https:\/\/jennyundmarcel.de\/index.php?rest_route=\/wp\/v2\/types\/post"}],"author":[{"embeddable":true,"href":"https:\/\/jennyundmarcel.de\/index.php?rest_route=\/wp\/v2\/users\/1"}],"replies":[{"embeddable":true,"href":"https:\/\/jennyundmarcel.de\/index.php?rest_route=%2Fwp%2Fv2%2Fcomments&post=2791"}],"version-history":[{"count":4,"href":"https:\/\/jennyundmarcel.de\/index.php?rest_route=\/wp\/v2\/posts\/2791\/revisions"}],"predecessor-version":[{"id":2796,"href":"https:\/\/jennyundmarcel.de\/index.php?rest_route=\/wp\/v2\/posts\/2791\/revisions\/2796"}],"wp:attachment":[{"href":"https:\/\/jennyundmarcel.de\/index.php?rest_route=%2Fwp%2Fv2%2Fmedia&parent=2791"}],"wp:term":[{"taxonomy":"category","embeddable":true,"href":"https:\/\/jennyundmarcel.de\/index.php?rest_route=%2Fwp%2Fv2%2Fcategories&post=2791"},{"taxonomy":"post_tag","embeddable":true,"href":"https:\/\/jennyundmarcel.de\/index.php?rest_route=%2Fwp%2Fv2%2Ftags&post=2791"}],"curies":[{"name":"wp","href":"https:\/\/api.w.org\/{rel}","templated":true}]}}