{"id":2838,"date":"2012-01-03T22:00:54","date_gmt":"2012-01-03T20:00:54","guid":{"rendered":"http:\/\/www.jennyundmarcel.de\/wordpress\/?p=2838"},"modified":"2012-01-05T17:46:50","modified_gmt":"2012-01-05T15:46:50","slug":"abtrennung-im-keller-fertig-gestellt","status":"publish","type":"post","link":"https:\/\/jennyundmarcel.de\/?p=2838","title":{"rendered":"Abtrennung im Keller fertig gestellt"},"content":{"rendered":"<p>So, die Porenbetonwand steht. Hat alles wunderbar geklappt. Habe jetzt im Anschlu\u00df an den beiden Ecken der Wand noch Sto\u00dfleisten angebracht und diese dann &#8222;eingeputzt&#8220;. Einzelne Fugen, die noch seitlich etwas Putz vertragen konnten habe ich auch noch &#8222;verputzt&#8220;. Danach wurde noch flott grob \u00fcberstehendes Material (Kleber oder Putz) abgeschliffen und die ganze Wand von beiden Seiten wei\u00df gestrichen. Das durfte ich dann auch zweimal machen, da man den etwas dunkleren Kleber (obwohl dieser ja laut Verpackung &#8222;wei\u00df&#8220; ist) noch etwas durchschimmern sehen konnte. Aber nach dem zweiten Anstrich sieht die ganze Wand schon ganz gut aus.<\/p>\n<p>Durch die Abtrennung des Raumes ben\u00f6tigt der &#8222;neue Raum&#8220; nat\u00fcrlich auch eine eigene Beleuchtungsquelle, da die beiden Lampen sich ja im gr\u00f6\u00dferen Bereich des Raumes befinden (weil ich die ja mittig im Raum angeordnet habe). Also habe ich da auch noch flott nachgelegt und eine weitere Leuchtstoffr\u00f6hre besorgt und montiert. Nat\u00fcrlich musste dann auch ein weitere Schalter angebracht werden, weil ich die beiden \u00d6rtlichkeiten von einander getrennt beleuchten m\u00f6chte.<\/p>\n<div id=\"attachment_2840\" style=\"width: 510px\" class=\"wp-caption aligncenter\"><a href=\"https:\/\/jennyundmarcel.de\/wordpress\/?attachment_id=2840\" rel=\"attachment wp-att-2840\"><img loading=\"lazy\" decoding=\"async\" aria-describedby=\"caption-attachment-2840\" class=\"size-large wp-image-2840\" title=\"Abtrennwand (links der neue kleine Raum)\" src=\"https:\/\/jennyundmarcel.de\/wordpress\/wp-content\/uploads\/2012\/01\/P1140939-500x666.jpg\" alt=\"Abtrennwand (links der neue kleine Raum)\" width=\"500\" height=\"666\" srcset=\"https:\/\/jennyundmarcel.de\/wp-content\/uploads\/2012\/01\/P1140939-500x666.jpg 500w, https:\/\/jennyundmarcel.de\/wp-content\/uploads\/2012\/01\/P1140939-112x150.jpg 112w, https:\/\/jennyundmarcel.de\/wp-content\/uploads\/2012\/01\/P1140939-225x300.jpg 225w\" sizes=\"auto, (max-width: 500px) 100vw, 500px\" \/><\/a><p id=\"caption-attachment-2840\" class=\"wp-caption-text\">Abtrennwand (links der neue kleine Raum)<\/p><\/div>\n<p style=\"text-align: center;\">\n<div id=\"attachment_2841\" style=\"width: 510px\" class=\"wp-caption aligncenter\"><a href=\"https:\/\/jennyundmarcel.de\/wordpress\/?attachment_id=2841\" rel=\"attachment wp-att-2841\"><img loading=\"lazy\" decoding=\"async\" aria-describedby=\"caption-attachment-2841\" class=\"size-large wp-image-2841\" title=\"Abtrennwand und die neue Schalterkombination\" src=\"https:\/\/jennyundmarcel.de\/wordpress\/wp-content\/uploads\/2012\/01\/P1140940-500x666.jpg\" alt=\"Abtrennwand und die neue Schalterkombination\" width=\"500\" height=\"666\" srcset=\"https:\/\/jennyundmarcel.de\/wp-content\/uploads\/2012\/01\/P1140940-500x666.jpg 500w, https:\/\/jennyundmarcel.de\/wp-content\/uploads\/2012\/01\/P1140940-112x150.jpg 112w, https:\/\/jennyundmarcel.de\/wp-content\/uploads\/2012\/01\/P1140940-225x300.jpg 225w\" sizes=\"auto, (max-width: 500px) 100vw, 500px\" \/><\/a><p id=\"caption-attachment-2841\" class=\"wp-caption-text\">Abtrennwand und die neue Schalterkombination<\/p><\/div>\n","protected":false},"excerpt":{"rendered":"<p>So, die Porenbetonwand steht. Hat alles wunderbar geklappt. Habe jetzt im Anschlu\u00df an den beiden Ecken der Wand noch Sto\u00dfleisten angebracht und diese dann &#8222;eingeputzt&#8220;. Einzelne Fugen, die noch seitlich etwas Putz vertragen konnten habe ich auch noch &#8222;verputzt&#8220;. Danach wurde noch flott grob \u00fcberstehendes Material (Kleber oder Putz) abgeschliffen und die ganze Wand von [&hellip;]<\/p>\n","protected":false},"author":1,"featured_media":0,"comment_status":"open","ping_status":"closed","sticky":false,"template":"","format":"standard","meta":{"ngg_post_thumbnail":0,"jetpack_post_was_ever_published":false,"_jetpack_newsletter_access":"","_jetpack_dont_email_post_to_subs":false,"_jetpack_newsletter_tier_id":0,"_jetpack_memberships_contains_paywalled_content":false,"_jetpack_memberships_contains_paid_content":false,"footnotes":""},"categories":[734,1964,429,35],"tags":[3398,5366,1721,5372,5367,2246,5371,5370,1576,5369,1478,4210,2211,1764,6479,3577,5168,5374,787,1565,2285,5373,2533,5351,3217,2532,2530,5368,987,3258,2368,881],"class_list":["post-2838","post","type-post","status-publish","format-standard","hentry","category-baustoffe","category-beleuchtung","category-elektroinstallation","category-keller","tag-abgeschliffen","tag-abtrennung","tag-angebracht","tag-angeordnet","tag-anschlus","tag-anstrich","tag-beleuchtungsquelle","tag-durchschimmern","tag-ecken","tag-eingeputzt","tag-fertig","tag-fugen","tag-gestrichen","tag-getrennt","tag-keller","tag-kleber","tag-lampen","tag-leuchtstoffrohre","tag-material","tag-mittig","tag-montiert","tag-nachgelegt","tag-ortlichkeiten","tag-porenbetonwand","tag-putz","tag-raum","tag-schalter","tag-stosleisten","tag-verpackung","tag-verputzt","tag-wand","tag-weis"],"jetpack_featured_media_url":"","jetpack_sharing_enabled":true,"jetpack_shortlink":"https:\/\/wp.me\/pRK4T-JM","_links":{"self":[{"href":"https:\/\/jennyundmarcel.de\/index.php?rest_route=\/wp\/v2\/posts\/2838","targetHints":{"allow":["GET"]}}],"collection":[{"href":"https:\/\/jennyundmarcel.de\/index.php?rest_route=\/wp\/v2\/posts"}],"about":[{"href":"https:\/\/jennyundmarcel.de\/index.php?rest_route=\/wp\/v2\/types\/post"}],"author":[{"embeddable":true,"href":"https:\/\/jennyundmarcel.de\/index.php?rest_route=\/wp\/v2\/users\/1"}],"replies":[{"embeddable":true,"href":"https:\/\/jennyundmarcel.de\/index.php?rest_route=%2Fwp%2Fv2%2Fcomments&post=2838"}],"version-history":[{"count":4,"href":"https:\/\/jennyundmarcel.de\/index.php?rest_route=\/wp\/v2\/posts\/2838\/revisions"}],"predecessor-version":[{"id":2844,"href":"https:\/\/jennyundmarcel.de\/index.php?rest_route=\/wp\/v2\/posts\/2838\/revisions\/2844"}],"wp:attachment":[{"href":"https:\/\/jennyundmarcel.de\/index.php?rest_route=%2Fwp%2Fv2%2Fmedia&parent=2838"}],"wp:term":[{"taxonomy":"category","embeddable":true,"href":"https:\/\/jennyundmarcel.de\/index.php?rest_route=%2Fwp%2Fv2%2Fcategories&post=2838"},{"taxonomy":"post_tag","embeddable":true,"href":"https:\/\/jennyundmarcel.de\/index.php?rest_route=%2Fwp%2Fv2%2Ftags&post=2838"}],"curies":[{"name":"wp","href":"https:\/\/api.w.org\/{rel}","templated":true}]}}