{"id":2914,"date":"2012-05-23T22:00:55","date_gmt":"2012-05-23T20:00:55","guid":{"rendered":"http:\/\/www.jennyundmarcel.de\/wordpress\/?p=2914"},"modified":"2012-05-25T13:54:56","modified_gmt":"2012-05-25T11:54:56","slug":"fundamentale-arbeit","status":"publish","type":"post","link":"https:\/\/jennyundmarcel.de\/?p=2914","title":{"rendered":"Fundament(ale Arbeit)"},"content":{"rendered":"<p>An der Garagenr\u00fcckseite wollen wir zum Nachbargrundst\u00fcck hin eine 5m lange Mauer setzen. In dieser Mauer soll ein Au\u00dfenwasserhahn und eine weitere Au\u00dfensteckdose Platz finden. Die Mauer wird aus unseren Klinkersteinen erstellt werden und um die 1,60m hoch werden. Man kann dann sch\u00f6n dezent die M\u00fclltonnen an der Gargenr\u00fcckwand platzieren (und ggf. hinter einer (selbstgemachten) Holzverkleidung komplett verschwinden lassen. Da das Gel\u00e4nde von der Terassenkante her nach hinten zum Ende des Grundst\u00fccks abf\u00e4llt, wird das Fundament stufig erstellt, damit man (sp\u00e4ter) den Beton nicht mehr sieht.<\/p>\n<p>Aber bevor man dieses Fundament erstellen kann ben\u00f6tigt man erst einmal Platz. Also hei\u00dft es wieder &#8222;Sch\u00f6ppen was das Zeug h\u00e4lt.&#8220; Nachdem ich also ein ca. 26cm breiten (so breit ist die Schaufel) und 80cm tiefen (wegen Frostsicherheit) Streifen ausgehoben hatte fehlte lediglich nur noch die entsprechende Schalung. Da ich noch einige (Schal-)Bretter, Latten und Pfl\u00f6cke hier herumliegen hatte, brauchte ich f\u00fcr die Schalung kein neues Material zu kaufen. An der Schalung habe ich mich einige Abende aufgehalten. Problematisch war u.a. die Seite der Schalung, die zum Nachbargrundst\u00fcck hinzeigte, weil wir vom Gel\u00e4nde her einiges h\u00f6her liegen. Deswegen musste ich hier nicht unerheblich tricksen. Egal, denn schlu\u00dfendlich habe ich die Schalung fertig bekommen.<\/p>\n<p>Da ich jetzt keine Lust hatte, die ganzen S\u00e4cke Beton von Hand oder mit dem Mixeraufsatz an der Bohrmaschine anzumischen, habe ich das Angebot von Thomas angenommen und mir seinen Betonmischer geschnappt. Dickes Dankesch\u00f6n an Thomas f\u00fcr den geschenkten Mischer und nat\u00fcrlich auch an Andr\u00e9 f\u00fcr den Transport. Der gute alte Atika Euro-Star Betonmischer verrichtet bei mir (nach einer kurzen WD40-Behandlung) noch sehr gute Dienste. Info am Rande: der Betonmischer passt in einem aktuellen VW Caddy, wenn man die Mischertrommel demontiert. Diese ist lediglich mit ein paar Imbusschrauben gehalten und l\u00e4\u00dft sich ganz gut (zu weit) von der Aufh\u00e4ngung abnehmen.<\/p>\n<p>Letzendlich habe ich dann an zwei Tagen das Fundament fertig betoniert. Eigentlich h\u00e4tte ich das auch locker an einem Samstag Nachmittag geschafft, aber leider hatte ich die ben\u00f6tigte Betonmenge etwas zu knapp kalkuliert. Die 26cm Schaufelbreite ist ein relatives Ma\u00df und auf 80cm Fundamenttiefe macht das schon einiges aus. Egal, habe dann einfach die fehlenden S\u00e4cke nachgeordert und dann heute fertig betoniert. Jetzt muss die graue Masse nur noch austrocknen\/aush\u00e4rten, damit ich die Schalung wieder entfernen kann.<\/p>\n","protected":false},"excerpt":{"rendered":"<p>An der Garagenr\u00fcckseite wollen wir zum Nachbargrundst\u00fcck hin eine 5m lange Mauer setzen. In dieser Mauer soll ein Au\u00dfenwasserhahn und eine weitere Au\u00dfensteckdose Platz finden. Die Mauer wird aus unseren Klinkersteinen erstellt werden und um die 1,60m hoch werden. Man kann dann sch\u00f6n dezent die M\u00fclltonnen an der Gargenr\u00fcckwand platzieren (und ggf. hinter einer (selbstgemachten) [&hellip;]<\/p>\n","protected":false},"author":1,"featured_media":0,"comment_status":"open","ping_status":"closed","sticky":false,"template":"","format":"standard","meta":{"ngg_post_thumbnail":0,"jetpack_post_was_ever_published":false,"_jetpack_newsletter_access":"","_jetpack_dont_email_post_to_subs":false,"_jetpack_newsletter_tier_id":0,"_jetpack_memberships_contains_paywalled_content":false,"_jetpack_memberships_contains_paid_content":false,"footnotes":""},"categories":[734,1858,306,58,1898,788,18],"tags":[5215,5677,5638,5668,5678,1444,1069,40,5685,5690,5699,5643,5707,3757,5667,5706,43,1640,5700,5687,3184,4633,2631,5688,2288,5669,5694,1146,1816,5675,5691,5679,5680,5665,5666,5703,2754,4908,5689,5705,6476,1755,5682,2956,3941,5671,5698,5701,3662,2434,1791,2431,3423,2807,787,1457,3739,5697,5684,3670,1486,5704,1257,1494,1860,3343,5695,2083,363,5681,1622,1779,5702,5676,5670,2352,5674,5673,5686,3958,2290,5683,5672,5696,5692,5693,2087],"class_list":["post-2914","post","type-post","status-publish","format-standard","hentry","category-baustoffe","category-einfriedung","category-erdarbeiten","category-garage","category-garten","category-gerate","category-grundstuck","tag-5215","tag-26cm","tag-5m","tag-60m","tag-80cm","tag-abende","tag-andre","tag-angebot","tag-anzumischen","tag-atika","tag-aufhangung","tag-ausgehoben","tag-ausharten","tag-ausensteckdose","tag-ausenwasserhahn","tag-austrocknen","tag-beton","tag-betoniert","tag-betonmenge","tag-betonmischer","tag-bohrmaschine","tag-breit","tag-bretter","tag-dankeschon","tag-demontiert","tag-dezent","tag-dienste","tag-ende","tag-entfernen","tag-erstellt","tag-euro-star","tag-frostsicher","tag-frostsicherheit","tag-fundament","tag-fundamentale-arbeit","tag-fundamenttiefe","tag-garagenruckseite","tag-gelande","tag-geschenkt","tag-graue-masse","tag-grundstuck","tag-hand","tag-herumliegen","tag-hoch","tag-hoher","tag-holzverkleidung","tag-imbusschrauben","tag-kalkuliert","tag-klinkersteine","tag-knapp","tag-lange","tag-latten","tag-lust","tag-mas","tag-material","tag-mauer","tag-mischer","tag-mischertrommel","tag-mixeraufsatz","tag-mulltonnen","tag-nachbargrundstuck","tag-nachgeordert","tag-nachmittag","tag-pflocke","tag-platz","tag-problematisch","tag-rande","tag-sacke","tag-samstag","tag-schalbretter","tag-schalung","tag-schaufel","tag-schaufelbreite","tag-schoppen","tag-selbstgemacht","tag-streifen","tag-stufig","tag-terassenkante","tag-thomas","tag-tief","tag-transport","tag-tricksen","tag-verschwinden","tag-vw-caddy","tag-wd40","tag-wd40-behandlung","tag-zeug"],"jetpack_featured_media_url":"","jetpack_sharing_enabled":true,"jetpack_shortlink":"https:\/\/wp.me\/pRK4T-L0","_links":{"self":[{"href":"https:\/\/jennyundmarcel.de\/index.php?rest_route=\/wp\/v2\/posts\/2914","targetHints":{"allow":["GET"]}}],"collection":[{"href":"https:\/\/jennyundmarcel.de\/index.php?rest_route=\/wp\/v2\/posts"}],"about":[{"href":"https:\/\/jennyundmarcel.de\/index.php?rest_route=\/wp\/v2\/types\/post"}],"author":[{"embeddable":true,"href":"https:\/\/jennyundmarcel.de\/index.php?rest_route=\/wp\/v2\/users\/1"}],"replies":[{"embeddable":true,"href":"https:\/\/jennyundmarcel.de\/index.php?rest_route=%2Fwp%2Fv2%2Fcomments&post=2914"}],"version-history":[{"count":8,"href":"https:\/\/jennyundmarcel.de\/index.php?rest_route=\/wp\/v2\/posts\/2914\/revisions"}],"predecessor-version":[{"id":2922,"href":"https:\/\/jennyundmarcel.de\/index.php?rest_route=\/wp\/v2\/posts\/2914\/revisions\/2922"}],"wp:attachment":[{"href":"https:\/\/jennyundmarcel.de\/index.php?rest_route=%2Fwp%2Fv2%2Fmedia&parent=2914"}],"wp:term":[{"taxonomy":"category","embeddable":true,"href":"https:\/\/jennyundmarcel.de\/index.php?rest_route=%2Fwp%2Fv2%2Fcategories&post=2914"},{"taxonomy":"post_tag","embeddable":true,"href":"https:\/\/jennyundmarcel.de\/index.php?rest_route=%2Fwp%2Fv2%2Ftags&post=2914"}],"curies":[{"name":"wp","href":"https:\/\/api.w.org\/{rel}","templated":true}]}}