{"id":2928,"date":"2012-05-28T20:14:03","date_gmt":"2012-05-28T18:14:03","guid":{"rendered":"http:\/\/www.jennyundmarcel.de\/wordpress\/?p=2928"},"modified":"2012-06-28T12:27:17","modified_gmt":"2012-06-28T10:27:17","slug":"es-soll-mal-grun-werden-teil-3","status":"publish","type":"post","link":"https:\/\/jennyundmarcel.de\/?p=2928","title":{"rendered":"Es soll mal gr\u00fcn werden \u2013 Teil 3"},"content":{"rendered":"<p>Nachdem sich nun alle Rohre in der Erde befinden gehts darum, den Boden so zu verteilen, dass man Rasensamen eins\u00e4en kann. Nachdem wir das einige Tage lang gemacht haben (dazu wurde die Schaufel und der Rechen geschwungen) haben wir endlich ein Gel\u00e4ndeniveau mit Gef\u00e4lle erreicht, wie wir es uns vorstellen. Nun kam heute mein Onkel mit einer Fr\u00e4se vorbei und hat den gesamten Boden aufgefr\u00e4st. Wolfgang, wir danken Dir!! Damit ist nun auch der wirklich harte festgetretene Boden hinten sch\u00f6n aufgelockert worden. Nun stand wieder rechen rechen rechen auf&#8217;m Plan. Auch jetzt wurde nochmal Erde von a nach b gezogen, da immer wieder kleine L\u00f6cher oder Unebenheiten auffallen. Wenn nicht jetzt, wann dann&#8230;? Nat\u00fcrlich zeigt sich das Wetter heute von seiner besten Seite &#8211; es ist richtig hei\u00df. Nee, watt macht das&#8217;n Spa\u00df&#8230;. *schwitz<\/p>\n<p>Eigentlich sollte dann am heutigen Abend einges\u00e4t werden, aber der Wind ist im Verlaufe des Nachmittags immer st\u00e4rker geworden, so dass an Eins\u00e4en nicht gedacht werden kann. Jetzt muss ein Notfallplan her, denn wir wollen unbedingt vor unserem dreiw\u00f6chigen Urlaub noch eins\u00e4en, damit der Rasen in unserer Abwesenheit sch\u00f6n angehen kann. Ich habe dann kurzer Hand den Wetterbericht gecheckt und gesehen, dass Morgen fr\u00fch zwischen 6 und 11 Uhr der Wind am schw\u00e4chsten ist. Also meinen Chef angerufen und kurzfristig f\u00fcr (einen halben Tag) Urlaub gefragt. Dann bin ich mal auf Morgen fr\u00fch gespannt.<\/p>\n","protected":false},"excerpt":{"rendered":"<p>Nachdem sich nun alle Rohre in der Erde befinden gehts darum, den Boden so zu verteilen, dass man Rasensamen eins\u00e4en kann. Nachdem wir das einige Tage lang gemacht haben (dazu wurde die Schaufel und der Rechen geschwungen) haben wir endlich ein Gel\u00e4ndeniveau mit Gef\u00e4lle erreicht, wie wir es uns vorstellen. Nun kam heute mein Onkel [&hellip;]<\/p>\n","protected":false},"author":1,"featured_media":0,"comment_status":"open","ping_status":"closed","sticky":false,"template":"","format":"standard","meta":{"ngg_post_thumbnail":0,"jetpack_post_was_ever_published":false,"_jetpack_newsletter_access":"","_jetpack_dont_email_post_to_subs":false,"_jetpack_newsletter_tier_id":0,"_jetpack_memberships_contains_paywalled_content":false,"_jetpack_memberships_contains_paid_content":false,"footnotes":""},"categories":[1858,306,1898],"tags":[1834,5725,5722,2256,2152,5712,5715,5717,161,1824,2133,5721,5718,4963,234,5714,5711,4312,3068,4735,5710,5713,5115,5723,2104,1257,5720,1760,341,5709,4961,2388,1779,955,5719,1436,3082,209,5708,5716,6493,5724,2382,1761],"class_list":["post-2928","post","type-post","status-publish","format-standard","hentry","category-einfriedung","category-erdarbeiten","category-garten","tag-11-uhr","tag-6-uhr","tag-abwesenheit","tag-angehen","tag-angerufen","tag-aufgefrast","tag-aufgelockert","tag-beste-seite","tag-boden","tag-chef","tag-danke","tag-dreiwochiger","tag-eingesat","tag-einsaen","tag-erde","tag-festgetreten","tag-frase","tag-gecheckt","tag-gefalle","tag-gelandeniveau","tag-geschwungen","tag-harte","tag-heis","tag-kurzer-hand","tag-locher","tag-nachmittag","tag-notfallplan","tag-onkel","tag-plan","tag-rasensamen","tag-rechen","tag-rohre","tag-schaufel","tag-spas","tag-starker","tag-tage","tag-unebenheiten","tag-urlaub","tag-verteilen","tag-von-a-nach-b","tag-wetter","tag-wetterbericht","tag-wind","tag-wolfgang"],"jetpack_featured_media_url":"","jetpack_sharing_enabled":true,"jetpack_shortlink":"https:\/\/wp.me\/pRK4T-Le","_links":{"self":[{"href":"https:\/\/jennyundmarcel.de\/index.php?rest_route=\/wp\/v2\/posts\/2928","targetHints":{"allow":["GET"]}}],"collection":[{"href":"https:\/\/jennyundmarcel.de\/index.php?rest_route=\/wp\/v2\/posts"}],"about":[{"href":"https:\/\/jennyundmarcel.de\/index.php?rest_route=\/wp\/v2\/types\/post"}],"author":[{"embeddable":true,"href":"https:\/\/jennyundmarcel.de\/index.php?rest_route=\/wp\/v2\/users\/1"}],"replies":[{"embeddable":true,"href":"https:\/\/jennyundmarcel.de\/index.php?rest_route=%2Fwp%2Fv2%2Fcomments&post=2928"}],"version-history":[{"count":1,"href":"https:\/\/jennyundmarcel.de\/index.php?rest_route=\/wp\/v2\/posts\/2928\/revisions"}],"predecessor-version":[{"id":2929,"href":"https:\/\/jennyundmarcel.de\/index.php?rest_route=\/wp\/v2\/posts\/2928\/revisions\/2929"}],"wp:attachment":[{"href":"https:\/\/jennyundmarcel.de\/index.php?rest_route=%2Fwp%2Fv2%2Fmedia&parent=2928"}],"wp:term":[{"taxonomy":"category","embeddable":true,"href":"https:\/\/jennyundmarcel.de\/index.php?rest_route=%2Fwp%2Fv2%2Fcategories&post=2928"},{"taxonomy":"post_tag","embeddable":true,"href":"https:\/\/jennyundmarcel.de\/index.php?rest_route=%2Fwp%2Fv2%2Ftags&post=2928"}],"curies":[{"name":"wp","href":"https:\/\/api.w.org\/{rel}","templated":true}]}}