{"id":300,"date":"2010-04-12T15:00:44","date_gmt":"2010-04-12T15:00:44","guid":{"rendered":"http:\/\/www.jennyundmarcel.de\/wordpress\/?p=300"},"modified":"2010-04-16T06:36:53","modified_gmt":"2010-04-16T04:36:53","slug":"angebot-vermesser-erhalten-2","status":"publish","type":"post","link":"https:\/\/jennyundmarcel.de\/?p=300","title":{"rendered":"Angebot Vermesser erhalten"},"content":{"rendered":"<p>Wie am vergangenen Freitag vereinbart ist heute p\u00fcnktlich das Angebot vom Vermesser aus Eschweiler per eMail hineingeflattert. Dieses Angebot beinhaltet f\u00fcr unser Bauvorhaben die folgenden vermessungstechnische Leistungen:<\/p>\n<ul>\n<li>Amtlicher Lageplan zum Bauantrag und Teilungsvermessung<\/li>\n<li>Grob- und Feinabsteckung<\/li>\n<li>Katasterm\u00e4\u00dfige Geb\u00e4udeeinmessung<\/li>\n<\/ul>\n<p>Der Preis f\u00fcr dieses Angebot liegt \u00fcber dem von ProHaus. Wir werden wohl noch mal bei ProHaus anrufen, um abzukl\u00e4ren, ob in dem von Ihnen genannten Betrag im Hausangebot auch alle o.g. Leistungen enthalten sind. Wir gehen jedoch davon aus, dass die Grundst\u00fccksteilung nicht im &#8222;normalen KVA&#8220; von ProHaus enthalten ist, da das ja kein &#8222;normal Fall&#8220; ist. Aber wie viel wird diese Teilung wohl als Einzelposten kosten?<\/p>\n","protected":false},"excerpt":{"rendered":"<p>Wie am vergangenen Freitag vereinbart ist heute p\u00fcnktlich das Angebot vom Vermesser aus Eschweiler per eMail hineingeflattert. Dieses Angebot beinhaltet f\u00fcr unser Bauvorhaben die folgenden vermessungstechnische Leistungen: Amtlicher Lageplan zum Bauantrag und Teilungsvermessung Grob- und Feinabsteckung Katasterm\u00e4\u00dfige Geb\u00e4udeeinmessung Der Preis f\u00fcr dieses Angebot liegt \u00fcber dem von ProHaus. Wir werden wohl noch mal bei ProHaus [&hellip;]<\/p>\n","protected":false},"author":1,"featured_media":0,"comment_status":"open","ping_status":"closed","sticky":false,"template":"","format":"standard","meta":{"ngg_post_thumbnail":0,"jetpack_post_was_ever_published":false,"_jetpack_newsletter_access":"","_jetpack_dont_email_post_to_subs":false,"_jetpack_newsletter_tier_id":0,"_jetpack_memberships_contains_paywalled_content":false,"_jetpack_memberships_contains_paid_content":false,"footnotes":""},"categories":[18],"tags":[40,12,4,20,19,7,6476,5,34,6477,82],"class_list":["post-300","post","type-post","status-publish","format-standard","hentry","category-grundstuck","tag-angebot","tag-bauen","tag-eigenheim","tag-eschweiler","tag-fronhoven","tag-geld","tag-grundstuck","tag-haus-bauen","tag-kalkulation","tag-prohaus","tag-vermesser"],"jetpack_featured_media_url":"","jetpack_sharing_enabled":true,"jetpack_shortlink":"https:\/\/wp.me\/pRK4T-4Q","_links":{"self":[{"href":"https:\/\/jennyundmarcel.de\/index.php?rest_route=\/wp\/v2\/posts\/300","targetHints":{"allow":["GET"]}}],"collection":[{"href":"https:\/\/jennyundmarcel.de\/index.php?rest_route=\/wp\/v2\/posts"}],"about":[{"href":"https:\/\/jennyundmarcel.de\/index.php?rest_route=\/wp\/v2\/types\/post"}],"author":[{"embeddable":true,"href":"https:\/\/jennyundmarcel.de\/index.php?rest_route=\/wp\/v2\/users\/1"}],"replies":[{"embeddable":true,"href":"https:\/\/jennyundmarcel.de\/index.php?rest_route=%2Fwp%2Fv2%2Fcomments&post=300"}],"version-history":[{"count":3,"href":"https:\/\/jennyundmarcel.de\/index.php?rest_route=\/wp\/v2\/posts\/300\/revisions"}],"predecessor-version":[{"id":308,"href":"https:\/\/jennyundmarcel.de\/index.php?rest_route=\/wp\/v2\/posts\/300\/revisions\/308"}],"wp:attachment":[{"href":"https:\/\/jennyundmarcel.de\/index.php?rest_route=%2Fwp%2Fv2%2Fmedia&parent=300"}],"wp:term":[{"taxonomy":"category","embeddable":true,"href":"https:\/\/jennyundmarcel.de\/index.php?rest_route=%2Fwp%2Fv2%2Fcategories&post=300"},{"taxonomy":"post_tag","embeddable":true,"href":"https:\/\/jennyundmarcel.de\/index.php?rest_route=%2Fwp%2Fv2%2Ftags&post=300"}],"curies":[{"name":"wp","href":"https:\/\/api.w.org\/{rel}","templated":true}]}}