{"id":314,"date":"2010-04-14T20:00:15","date_gmt":"2010-04-14T18:00:15","guid":{"rendered":"http:\/\/www.jennyundmarcel.de\/wordpress\/?p=314"},"modified":"2010-04-16T08:32:55","modified_gmt":"2010-04-16T06:32:55","slug":"angebot-vermesser-prohaus-2","status":"publish","type":"post","link":"https:\/\/jennyundmarcel.de\/?p=314","title":{"rendered":"Angebot Vermesser ProHaus"},"content":{"rendered":"<p>Diesen Nachmittag habe ich mal bei ProHaus Kaarst angerufen, um mich danach zu erkundigen, welche Vermessungs Leistungen in dem angegeben Angebotsbetrag enthalten sind. Eine Grundst\u00fccksteilung ist nat\u00fcrlich nicht darin enthalten. Man geht nat\u00fcrlich immer davon aus, dass sich das Grundst\u00fcck im &#8222;Normalzustand&#8220; befindet, also das keine Teilung mehr erfolgen muss. Lange Rede &#8211; kurzer Sinn &#8211; Herr Pongs hat mir einfach mal die Telefonnummern vom &#8222;ProHaus&#8220; Vermesser gegeben. Diesen habe ich dann angerufen und dann unsere Situation erl\u00e4utert. Au\u00dferdem habe ich dem Vermesser von dem bereits erhaltenen Angebot erz\u00e4hlt. Dieser war \u00fcber den g\u00fcnstigen Preis \u00fcberrrascht. Nun gut, er bat mich Ihm die erkl\u00e4renden Unterlagen zukommen zu lassen. Wenn er heute Nachmittag wieder im B\u00fcro ist, w\u00fcrde er sich anschlie\u00dfend bei uns melden. Um ziemlich genau 20:00 Uhr klingelte das Telefon. Der Vermesser von ProHaus meldete sich. Leider kann er den Preis nicht halten &#8211; ganz im Gegenteil &#8211; er riet uns, das andere Angebot anzunehmen. Er k\u00e4me alleine mit der Teilung auf mehr als 1.600,&#8211; \u20ac und dann k\u00e4men noch die ganzen anderen Geb\u00fchren oben &#8218;drauf (liegen so um die 2.300,&#8211; \u20ac).<\/p>\n<p>Fazit: Der Vermesser von unserem Grundst\u00fccksverk\u00e4ufer scheint der g\u00fcnstigste zu sein. Ich werde morgen nochmals mit ProHaus Kaarst telefonieren und mir best\u00e4tigen lassen, welche Leistungen in deren Vermessungsangebot enthalten sind. Mit diesen Angaben werde ich dann den Vermesser in Eschweiler anrufen, das Ganze nochmals besprechen und dann evtl. auch direkt den Auftrag zur Teilung erteilen. Jetzt wirds langsam richtig spannend&#8230;<\/p>\n","protected":false},"excerpt":{"rendered":"<p>Diesen Nachmittag habe ich mal bei ProHaus Kaarst angerufen, um mich danach zu erkundigen, welche Vermessungs Leistungen in dem angegeben Angebotsbetrag enthalten sind. Eine Grundst\u00fccksteilung ist nat\u00fcrlich nicht darin enthalten. Man geht nat\u00fcrlich immer davon aus, dass sich das Grundst\u00fcck im &#8222;Normalzustand&#8220; befindet, also das keine Teilung mehr erfolgen muss. Lange Rede &#8211; kurzer Sinn [&hellip;]<\/p>\n","protected":false},"author":1,"featured_media":0,"comment_status":"open","ping_status":"closed","sticky":false,"template":"","format":"standard","meta":{"ngg_post_thumbnail":0,"jetpack_post_was_ever_published":false,"_jetpack_newsletter_access":"","_jetpack_dont_email_post_to_subs":false,"_jetpack_newsletter_tier_id":0,"_jetpack_memberships_contains_paywalled_content":false,"_jetpack_memberships_contains_paid_content":false,"footnotes":""},"categories":[18,30],"tags":[40,12,4,20,19,87,7,86,6476,5,46,34,85,84,6477,31,82],"class_list":["post-314","post","type-post","status-publish","format-standard","hentry","category-grundstuck","category-prohaus","tag-angebot","tag-bauen","tag-eigenheim","tag-eschweiler","tag-fronhoven","tag-gebaudeeinmessung","tag-geld","tag-grob-und-feinabsteckung","tag-grundstuck","tag-haus-bauen","tag-heinsberg","tag-kalkulation","tag-lageplan-fur-den-bauantrag","tag-parzellierung","tag-prohaus","tag-verkaufer","tag-vermesser"],"jetpack_featured_media_url":"","jetpack_sharing_enabled":true,"jetpack_shortlink":"https:\/\/wp.me\/pRK4T-54","_links":{"self":[{"href":"https:\/\/jennyundmarcel.de\/index.php?rest_route=\/wp\/v2\/posts\/314","targetHints":{"allow":["GET"]}}],"collection":[{"href":"https:\/\/jennyundmarcel.de\/index.php?rest_route=\/wp\/v2\/posts"}],"about":[{"href":"https:\/\/jennyundmarcel.de\/index.php?rest_route=\/wp\/v2\/types\/post"}],"author":[{"embeddable":true,"href":"https:\/\/jennyundmarcel.de\/index.php?rest_route=\/wp\/v2\/users\/1"}],"replies":[{"embeddable":true,"href":"https:\/\/jennyundmarcel.de\/index.php?rest_route=%2Fwp%2Fv2%2Fcomments&post=314"}],"version-history":[{"count":3,"href":"https:\/\/jennyundmarcel.de\/index.php?rest_route=\/wp\/v2\/posts\/314\/revisions"}],"predecessor-version":[{"id":328,"href":"https:\/\/jennyundmarcel.de\/index.php?rest_route=\/wp\/v2\/posts\/314\/revisions\/328"}],"wp:attachment":[{"href":"https:\/\/jennyundmarcel.de\/index.php?rest_route=%2Fwp%2Fv2%2Fmedia&parent=314"}],"wp:term":[{"taxonomy":"category","embeddable":true,"href":"https:\/\/jennyundmarcel.de\/index.php?rest_route=%2Fwp%2Fv2%2Fcategories&post=314"},{"taxonomy":"post_tag","embeddable":true,"href":"https:\/\/jennyundmarcel.de\/index.php?rest_route=%2Fwp%2Fv2%2Ftags&post=314"}],"curies":[{"name":"wp","href":"https:\/\/api.w.org\/{rel}","templated":true}]}}