{"id":3173,"date":"2013-07-31T12:54:05","date_gmt":"2013-07-31T10:54:05","guid":{"rendered":"http:\/\/www.jennyundmarcel.de\/wordpress\/?p=3173"},"modified":"2013-09-13T12:59:12","modified_gmt":"2013-09-13T10:59:12","slug":"lebenszeichen-stand-der-dinge","status":"publish","type":"post","link":"https:\/\/jennyundmarcel.de\/?p=3173","title":{"rendered":"Lebenszeichen \/ Stand der Dinge"},"content":{"rendered":"<p>Ja, wir leben noch. Ich habe ja schon gef\u00fchlte Jahre nichts mehr ins Bautagebuch geschrieben, was zum einem daran liegt, dass wir ja quasi fertig sind mit\u2019m H\u00e4uschen und zum anderen, dass ich mir kaum noch Zeit daf\u00fcr nehme, was vern\u00fcnftig zu dokumentieren \u2013 und Text alleine wird von den meisten Blog-Lesern halt nicht bevorzugt. Nichts desto trotz hier mal ein paar Worte zu den Dingen rund ums Haus, die ich in den letzten Wochen und Monaten so getrieben habe:<\/p>\n<ol>\n<li><strong>Die Mauer<\/strong><br \/>\nLetztes Jahr hatte ich ja das Fundament der kleinen Abgrenzungsmauer hinter der Garage gegossen. Dieses Jahr, genauer in den letzten Wochen, ging es daran die Mauer selber zu setzen. Hier besch\u00e4ftige ich mich nun schon einige Wochen mit (und werde das wohl auch noch einige weitere Wochen tun). Mittlerweile habe ich schon etliche Reihen gesetzt, die Steckdosen (von der Garage aus schaltbar) sind gesetzt und der Wasserhahn hat auch seinen \u201ceingemauerten\u201d Platz gefunden. Echt \u00e4tzend waren die ersten Reihen zu Mauern, da ich das Fundament wegen dem absch\u00fcssigem Gel\u00e4nde stufig gegossen habe. Hier musste viel M\u00f6rtel verwendet werden und nat\u00fcrlich auch viel mit dem Winkelschneider zugeschnitten werden. Jetzt m\u00fcssen lediglich \u201cnur noch\u201d die Anf\u00e4nge und Enden der Mauer geschnitten werden \u2013 eine sehr staubige Angelegenheit. Die Mauer ist von Innen mit Beton verf\u00fcllt, um zus\u00e4tzliche Stabilit\u00e4t zu erhalten. Alle paar Reihen finden ein paar Luftschichtanker ihre Verwendung.<\/li>\n<li><strong>Der Dach\u00fcberstand<\/strong><br \/>\nJa, der Dach\u00fcberstand wartetete immer noch auf seinen finalen Anstrich. Die beiden Querseiten, also die Stra\u00dfen- und Terassenseiten wurden von ja bereits vergangenes Jahr gestrichen \u2013 jetzt waren noch die Stirnseiten hoch bis zum First (ca. 6,9m hoch) an der Reihe. Auf der Garagenseite stellt das keinen besonderen Anspruch da, auf der anderen Seite jedoch schon. Hier reichte KEINE meiner Leitern h\u00f6her als die Fenster im OG. Dank Frank konnte mir aber Abhilfe geleistet werden (nochmals DANKE daf\u00fcr, Franky). Mit den zwei jeweils 5m Elementen konnte ich auch die h\u00f6chste Stelle des \u00dcberstandes vern\u00fcnftig erreichen und alles in lichtgrau streichen.<\/li>\n<li><strong>Impr\u00e4gnierung Klinkerfensterb\u00e4nke<\/strong><br \/>\nDa ich die lange Leiter von Frank jetzt einmal da hatte, habe ich direkt die Chance genutzt und ALLE Au\u00dfenfensterb\u00e4nke nochmals impr\u00e4gniert. Dazu wurde wieder das Teufelszeug von Ceresit (die genaue Bezeichnung habe ich gerade nicht zur Hand) verwendet, welches einfach mit einem Lasierpinsel direkt auf die Steine und den M\u00f6rtel aufgetragen wurde. Hier habe ich mich wieder an den Rat des Ausbauberaters gehalten und auch die zwei Reihen Klinker direkt unter der Fensterbank mit impr\u00e4gniert.<\/li>\n<li><strong>Verkabelung Speicher<\/strong><br \/>\nAuf dem Speicher war die elektronische Installation bisher nur rudiment\u00e4r ausgef\u00fchrt worden \u2013 es gab immer wichtigeres\u2026 *seufz \u2013 die meisten von euch werden wissen, was ich meine. Hier auf dem Speicher wurde im Fr\u00fchjahr endlich mal \u201caufger\u00e4umt\u201d und vern\u00fcnftig verkabelt. Vorhandene Lichtquellen wurden montiert, Leitungen verlegt, Steckdosen angebracht, etc.p.p. So musste dann auch endlich der d\u00e4mliche 500W-Strahler der \u201cnormalen\u201d Beleuchtung weichen.<\/li>\n<li><strong>Optimierung Netzwerkschrank<\/strong><br \/>\nDiesen Task konnte ich auch endlich mal abschlie\u00dfen. Die letzten Leitungen wurden ja im Januar gepatcht, nun galt es noch etwas Ordnung in der Kiste zu bringen. Dazu habe ich ein paar passende 19?-B\u00f6den mit entsprechend geringer Tiefe gekauft und eingebaut, alle Komponenten gelabelt und beschriftet, Leitungen sauber fixiert, etc. Sieht jetzt richtig manierlich aus!<\/li>\n<li><strong>Beleuchtung Kabuff<\/strong><br \/>\nHinter unserem Schlafzimmer befindet sich ja ein Kabuff, indem wir unsere Koffer und Taschen lagern. Auch hier fehlte noch die richtige Beleuchtung. Material war nat\u00fcrlich schon seit Ewigkeiten vorhanden \u2013 es musste nur noch alles verkabelt und montiert werden. Auch diesen Task konnte ich in der ersten Jahresh\u00e4lfte 2013 endlich abschlie\u00dfen. Und es werde Licht. Herrlich. Wenn dann alle Jubeljahre das R\u00e4umchen mal gereinigt wird, gibts es auch eine eigene Steckdose f\u00fcr den Staubsauger. Unser Sohnemann hatte \u00fcbrigens sehr viel Spa\u00df beim Umbau \u2013 ist ja auch soetwas wie ein Abendteuerspielplatz \u2013 ich h\u00e4tte die Location als Kind bestimmt auch cool gefunden.<\/li>\n<li><strong>Garten<\/strong><br \/>\nNat\u00fcrlich haben wir einen Gro\u00dfteil unserer Zeit im Garten verbracht. Der Nutzgarten wurde konsequent genutzt: wir hatten leckeren Rhababer, Kopfsalat, Eisbergsalat, Eichblattsalat, Radieschen, Feldsalat, Blumenkohl, Zucchini, Erdbeeren, Stachelbeeren, etc. Hinter dem Komposthaufen habe ich im Fr\u00fchjahr ein Beerenwuchsger\u00fcst gebaut, damit sich die Brombeerern, Heidelbeeren und Himbeeren sch\u00f6n ausbreiten und wachsen k\u00f6nnen. Hier bin ich mal gespannt, ob und wie viel wir diese Jahr noch ernten k\u00f6nnen. Die ein oder ander Pflanze im Blumenbeet wurde von uns versetzt, um die Optik zu verbessern. Nat\u00fcrlich wurden auch noch ein paar Bl\u00fcmchen und Pflanzen angeschafft\u2026 Und der Rasen wurde ged\u00fcngt.<\/li>\n<li><strong>Kr\u00e4uterhochbeet<\/strong><br \/>\nZwischen Terasse und Rasenfl\u00e4che wurde ein Kr\u00e4uterhochbeet angelegt. Dieses besteht aus Douglasienh\u00f6lzer und Balken. Das gesamte Konstrukt wurde von uns zwei Mal lasiert und von Innen mit Noppenbahn ausgelegt. Ca. 1,4qm Erde wurden hinein geschaufelt und als obersten Abschluss wurden verschiedene Erdschichten (Mulch, Rasenschnitt, Kompost, Humus, Aussaaterde, etc.) als optimale Grundlage f\u00fcr die Kr\u00e4uter aufgebracht. Unter anderem \u201cbewohnen\u201d nun folgende Kr\u00e4uter dieses Hochbeet: Salbei, Liebst\u00f6ckel, Schnittlauch, Bohenkraut, Thymian, Rosmarin, Estragon, usw.<\/li>\n<li><strong>Kletterturm mit Rutsche &amp; Piratensandkasten<\/strong><br \/>\nEigentlich war der Aufbau bis sp\u00e4testens zum 1. April geplant, aber das Wetter machte uns hier einen Strich durch die Rechnung. Somit konnte dann erst im Laufe des Aprils zu erst der Sandkasten, wie dann anschlie\u00dfend auch der Kletterturm errichtet werden. Hier hatte ich tatkr\u00e4ftige Unterst\u00fctzung durch meinen Sohn. Ich durfte kaum eine Schraube mit dem Akkuschrauber alleine andrehen \u2013 hier musste er mir immer helfen. Beide Ger\u00e4tschaften zieren jetzt unseren Garten und werden auch entsprechend in Anspruch genommen. Dem Junior machts richtig viel Spa\u00df.<\/li>\n<\/ol>\n<p>Das waren die Sachen, die mir in der heutigen Mittagspause ad-hoc eingefallen sind. Kann sein, dass ich das eine oder andere unterschlagen habe. Falls ja, reiche ich das nach bzw. erg\u00e4nze die Auflistung entsprechend.<\/p>\n","protected":false},"excerpt":{"rendered":"<p>Ja, wir leben noch. Ich habe ja schon gef\u00fchlte Jahre nichts mehr ins Bautagebuch geschrieben, was zum einem daran liegt, dass wir ja quasi fertig sind mit\u2019m H\u00e4uschen und zum anderen, dass ich mir kaum noch Zeit daf\u00fcr nehme, was vern\u00fcnftig zu dokumentieren \u2013 und Text alleine wird von den meisten Blog-Lesern halt nicht bevorzugt. [&hellip;]<\/p>\n","protected":false},"author":1,"featured_media":0,"comment_status":"open","ping_status":"closed","sticky":false,"template":"","format":"standard","meta":{"ngg_post_thumbnail":0,"jetpack_post_was_ever_published":false,"_jetpack_newsletter_access":"","_jetpack_dont_email_post_to_subs":false,"_jetpack_newsletter_tier_id":0,"_jetpack_memberships_contains_paywalled_content":false,"_jetpack_memberships_contains_paid_content":false,"footnotes":""},"categories":[1,734,1964,1009,1858,429,306,2851,58,1898,788,35,2470,141],"tags":[6310,5215,6312,6311,6062,6313,6314,5638,2780,6315,6316,6317,4379,6318,3062,6319,6320,60,2061,6321,6322,1721,718,2490,6323,6324,2065,1839,3152,5118,2019,6325,6326,6328,6329,6330,6327,2025,6331,6509,2818,43,6332,6333,3251,6334,6335,5612,6336,6337,6338,2235,2159,4198,6339,6340,6341,2820,5094,6342,6343,3297,6344,6345,2106,2816,6346,6347,234,6348,6349,6350,6351,6352,6353,6354,6355,149,3773,6356,6357,2286,2910,6358,5874,5665,6480,2391,6508,6359,6027,1725,2553,6360,4908,6361,4227,1745,6362,2006,6363,2211,6364,86,1626,6365,569,342,6366,6367,3444,6368,2956,6369,6370,6371,6372,900,1019,3252,2421,6373,6374,6375,6376,6377,3377,2919,6378,846,6379,6380,4216,6381,4953,6382,3925,6383,25,6384,6385,2072,6386,6387,4926,6388,1108,437,883,6389,6390,8,6391,6392,787,1457,1620,2205,2285,1783,6393,5462,1789,6394,2069,3951,6395,2048,6396,2074,6397,1860,6398,6399,4962,5739,5784,6400,6401,2671,3389,6402,6403,3275,6404,2774,6405,6406,1448,3758,2364,6407,6408,1659,5031,6217,955,2071,3962,6409,4004,6410,6411,3187,1456,3284,4591,589,3965,2460,5674,6412,2440,3327,6486,2342,3830,6413,6414,6415,2741,6416,1428,1851,4244,2737,2365,2815,5378,6417,3489,6418,6419,6420,3239,6493,3250,1302,1995,1263,6421,6422,3789,6423,6424],"class_list":["post-3173","post","type-post","status-publish","format-standard","hentry","category-allgemein","category-baustoffe","category-beleuchtung","category-dach","category-einfriedung","category-elektroinstallation","category-erdarbeiten","category-fassade","category-garage","category-garten","category-gerate","category-keller","category-speicher-dachboden","category-terasse","tag-1-april","tag-5215","tag-19-boeden","tag-6311","tag-6062","tag-4qm","tag-500w-strahler","tag-5m","tag-2780","tag-9m","tag-abenteuerspielplatz","tag-abgrenzungsmauer","tag-abhilfe","tag-abschliessen","tag-abschluss","tag-abschuessig","tag-ad-hoceingefallen","tag-akkuschrauber","tag-alleine","tag-andrehen","tag-anfaenge","tag-angebracht","tag-angelegenheit","tag-anspruch","tag-aprils","tag-aetzend","tag-aufbau","tag-aufgebracht","tag-aufgeraumt","tag-aufgetragen","tag-auflistung","tag-ausbauberaters","tag-ausbreiten","tag-ausgefuehrt","tag-ausgelegt","tag-aussaaterde","tag-aussenfensterbaenke","tag-balken","tag-beerenwuchsgeruest","tag-beleuchtung","tag-beschriftet","tag-beton","tag-bevorzugt","tag-bewohnen","tag-bezeichnung","tag-blog-lesern","tag-bluemchen","tag-blumenbeet","tag-blumenkohl","tag-bohenkraut","tag-brombeeren","tag-ceresit","tag-chance","tag-cool","tag-dachueberstand","tag-daemliche","tag-dinge","tag-dokumentieren","tag-douglasie","tag-douglasienhoelzer","tag-eichblattsalat","tag-eingesetzt","tag-eisbergsalat","tag-elektronische","tag-elemente","tag-enden","tag-endlich","tag-erdbeeren","tag-erde","tag-erdschichten","tag-ergaenze","tag-ernten","tag-erreichen","tag-errichtet","tag-estragon","tag-ewigkeiten","tag-feldsalat","tag-fenster","tag-fensterbanke","tag-finalen","tag-first","tag-fixiert","tag-frank","tag-franky","tag-fruhjahr","tag-fundament","tag-garage","tag-garagenseite","tag-garten","tag-geduengt","tag-gefunden","tag-gegossen","tag-gekauft","tag-gelabelt","tag-gelande","tag-genutzt","tag-gepatcht","tag-geplant","tag-geraetschaften","tag-gereinigt","tag-geschaufelt","tag-gestrichen","tag-getrieben","tag-grob-und-feinabsteckung","tag-grosteil","tag-grundlage","tag-haus","tag-hauschen","tag-heidelbeeren","tag-helfen","tag-herrlich","tag-himbeeren","tag-hoch","tag-hochbeet","tag-hoechste-stelle","tag-humus","tag-impaegnierung","tag-innen","tag-installation","tag-jahre","tag-jahresende","tag-jahreshaelfte","tag-jubeljahre","tag-junior","tag-kabuff","tag-keine","tag-kind","tag-kiste","tag-kletterturm","tag-klinker","tag-klinkerfensterbaenke","tag-koffer","tag-komponenten","tag-kompost","tag-komposthaufen","tag-konsequent","tag-konstrukt","tag-kopfsalat","tag-kraftwerk","tag-kraeuter","tag-kraeuterhochbeet","tag-lagern","tag-lasierpinsel","tag-lasiert","tag-lebenszeichen","tag-lediglich","tag-leitungen","tag-licht","tag-lichtgrau","tag-lichtquellen","tag-liebstoeckel","tag-location","tag-luftschichtanker","tag-manierlich","tag-material","tag-mauer","tag-mittagspause","tag-monate","tag-montiert","tag-mortel","tag-mulch","tag-netzwerkschrank","tag-noppenbahn","tag-nutzgarten","tag-og","tag-optik","tag-optimierung","tag-ordnung","tag-pflanze","tag-pflanzen","tag-piratensandkasten","tag-platz","tag-querseiten","tag-radieschen","tag-rasen","tag-rasenflache","tag-rasenschnitt","tag-rat","tag-reichte","tag-reihe","tag-reihen","tag-rhababer","tag-rosmarin","tag-rudimentar","tag-rutsche","tag-sachen","tag-salbei","tag-sandkasten","tag-sauber","tag-schaltbare","tag-schlafzimmer","tag-schnittlauch","tag-schraube","tag-schwarz-anstrich","tag-sohn","tag-sohnemann","tag-spas","tag-speicher","tag-stabilitat","tag-stachelbeeren","tag-stand-der-dinge","tag-staubige","tag-staubsauger","tag-steckdeosen","tag-steine","tag-steuersteckdosen","tag-stirnseiten","tag-strasenverordnung","tag-streichen","tag-strich-durch-die-rechnung","tag-stufig","tag-taschen","tag-task","tag-tatkraftige","tag-terasse","tag-terassenseite","tag-teufelszeug","tag-thymian","tag-tiefe","tag-ueberstandes","tag-umbau","tag-unterschlagen","tag-unterstutzung","tag-verfullt","tag-verkabelt","tag-verkabelung","tag-verlegt","tag-vernunftig","tag-versetzt","tag-verwendet","tag-vorgeschrieben","tag-vorhanden","tag-wachsen","tag-was-bisher-geschah","tag-wasserhahn","tag-wetter","tag-winkelschleifer","tag-wochen","tag-worte","tag-zeit","tag-zieren","tag-zucchini","tag-zugeschnitten","tag-zwei-mal","tag-zwei-reihen"],"jetpack_featured_media_url":"","jetpack_sharing_enabled":true,"jetpack_shortlink":"https:\/\/wp.me\/pRK4T-Pb","_links":{"self":[{"href":"https:\/\/jennyundmarcel.de\/index.php?rest_route=\/wp\/v2\/posts\/3173","targetHints":{"allow":["GET"]}}],"collection":[{"href":"https:\/\/jennyundmarcel.de\/index.php?rest_route=\/wp\/v2\/posts"}],"about":[{"href":"https:\/\/jennyundmarcel.de\/index.php?rest_route=\/wp\/v2\/types\/post"}],"author":[{"embeddable":true,"href":"https:\/\/jennyundmarcel.de\/index.php?rest_route=\/wp\/v2\/users\/1"}],"replies":[{"embeddable":true,"href":"https:\/\/jennyundmarcel.de\/index.php?rest_route=%2Fwp%2Fv2%2Fcomments&post=3173"}],"version-history":[{"count":2,"href":"https:\/\/jennyundmarcel.de\/index.php?rest_route=\/wp\/v2\/posts\/3173\/revisions"}],"predecessor-version":[{"id":3175,"href":"https:\/\/jennyundmarcel.de\/index.php?rest_route=\/wp\/v2\/posts\/3173\/revisions\/3175"}],"wp:attachment":[{"href":"https:\/\/jennyundmarcel.de\/index.php?rest_route=%2Fwp%2Fv2%2Fmedia&parent=3173"}],"wp:term":[{"taxonomy":"category","embeddable":true,"href":"https:\/\/jennyundmarcel.de\/index.php?rest_route=%2Fwp%2Fv2%2Fcategories&post=3173"},{"taxonomy":"post_tag","embeddable":true,"href":"https:\/\/jennyundmarcel.de\/index.php?rest_route=%2Fwp%2Fv2%2Ftags&post=3173"}],"curies":[{"name":"wp","href":"https:\/\/api.w.org\/{rel}","templated":true}]}}