{"id":401,"date":"2010-04-21T22:30:51","date_gmt":"2010-04-21T20:30:51","guid":{"rendered":"http:\/\/www.jennyundmarcel.de\/wordpress\/?p=401"},"modified":"2010-04-22T09:46:24","modified_gmt":"2010-04-22T07:46:24","slug":"die-grundstuckstrennung","status":"publish","type":"post","link":"https:\/\/jennyundmarcel.de\/?p=401","title":{"rendered":"Die Grundst\u00fcckstrennung"},"content":{"rendered":"<p>Heute war es dann soweit. Das Grundst\u00fcck soll getrennt werden. Der Termin war f\u00fcr 17:00 Uhr angesetzt. Am Grundst\u00fcck sollten sich dann der Verk\u00e4ufer, der Vermesser Jenny und ich treffen. Ich kam dann als zweiter vor Ort an (bin direkt von der Arbeit aus dahin ged\u00fcst). Der Verk\u00e4ufer war schon vor Ort. Dann kam auch schon Jenny und zu guter letzt der Vermesser. Lustigerweise waren allerdings schon die neue Grenzsteine vor Ort vorhanden. Der Vermesser war bereits am Montag vor Ort und hat die Steine gesetzt und das Grundst\u00fcck vermessen. Somit gab es vor Ort nicht mehr wirklich viel zun tun oder zu beobachten. Wir drei haben noch jeweils eine Unterschrift geleistet und das war&#8217;s auch schon. Jetzt gehen die Unterlagen zu den Beh\u00f6rden. Sch\u00e4tzungsweise 4-5 Wochen sp\u00e4ter sollte alles \u00fcber die B\u00fchne gegangen sein. Dann noch zum Notar die n\u00e4chsten Unterschriften leisten, das Geld \u00fcberweisen und der Acker ist unser&#8230; \ud83d\ude42<\/p>\n<p>Hier mal ein paar &#8222;spannende&#8220; \ud83d\ude09 Bilder von den Grenzsteinen:<\/p>\nngg_shortcode_0_placeholder\n","protected":false},"excerpt":{"rendered":"<p>Heute war es dann soweit. Das Grundst\u00fcck soll getrennt werden. Der Termin war f\u00fcr 17:00 Uhr angesetzt. Am Grundst\u00fcck sollten sich dann der Verk\u00e4ufer, der Vermesser Jenny und ich treffen. Ich kam dann als zweiter vor Ort an (bin direkt von der Arbeit aus dahin ged\u00fcst). Der Verk\u00e4ufer war schon vor Ort. Dann kam auch [&hellip;]<\/p>\n","protected":false},"author":1,"featured_media":0,"comment_status":"open","ping_status":"closed","sticky":false,"template":"","format":"standard","meta":{"ngg_post_thumbnail":0,"jetpack_post_was_ever_published":false,"_jetpack_newsletter_access":"","_jetpack_dont_email_post_to_subs":false,"_jetpack_newsletter_tier_id":0,"_jetpack_memberships_contains_paywalled_content":false,"_jetpack_memberships_contains_paid_content":false,"footnotes":""},"categories":[18],"tags":[45,4,19,6476,5,8,84,82],"class_list":["post-401","post","type-post","status-publish","format-standard","hentry","category-grundstuck","tag-besichtigung","tag-eigenheim","tag-fronhoven","tag-grundstuck","tag-haus-bauen","tag-location","tag-parzellierung","tag-vermesser"],"jetpack_featured_media_url":"","jetpack_sharing_enabled":true,"jetpack_shortlink":"https:\/\/wp.me\/pRK4T-6t","_links":{"self":[{"href":"https:\/\/jennyundmarcel.de\/index.php?rest_route=\/wp\/v2\/posts\/401","targetHints":{"allow":["GET"]}}],"collection":[{"href":"https:\/\/jennyundmarcel.de\/index.php?rest_route=\/wp\/v2\/posts"}],"about":[{"href":"https:\/\/jennyundmarcel.de\/index.php?rest_route=\/wp\/v2\/types\/post"}],"author":[{"embeddable":true,"href":"https:\/\/jennyundmarcel.de\/index.php?rest_route=\/wp\/v2\/users\/1"}],"replies":[{"embeddable":true,"href":"https:\/\/jennyundmarcel.de\/index.php?rest_route=%2Fwp%2Fv2%2Fcomments&post=401"}],"version-history":[{"count":5,"href":"https:\/\/jennyundmarcel.de\/index.php?rest_route=\/wp\/v2\/posts\/401\/revisions"}],"predecessor-version":[{"id":406,"href":"https:\/\/jennyundmarcel.de\/index.php?rest_route=\/wp\/v2\/posts\/401\/revisions\/406"}],"wp:attachment":[{"href":"https:\/\/jennyundmarcel.de\/index.php?rest_route=%2Fwp%2Fv2%2Fmedia&parent=401"}],"wp:term":[{"taxonomy":"category","embeddable":true,"href":"https:\/\/jennyundmarcel.de\/index.php?rest_route=%2Fwp%2Fv2%2Fcategories&post=401"},{"taxonomy":"post_tag","embeddable":true,"href":"https:\/\/jennyundmarcel.de\/index.php?rest_route=%2Fwp%2Fv2%2Ftags&post=401"}],"curies":[{"name":"wp","href":"https:\/\/api.w.org\/{rel}","templated":true}]}}