{"id":442,"date":"2010-05-07T06:30:13","date_gmt":"2010-05-07T04:30:13","guid":{"rendered":"http:\/\/www.jennyundmarcel.de\/wordpress\/?p=442"},"modified":"2010-05-07T08:43:38","modified_gmt":"2010-05-07T06:43:38","slug":"gedanken-und-stand-der-dinge","status":"publish","type":"post","link":"https:\/\/jennyundmarcel.de\/?p=442","title":{"rendered":"Gedanken und Stand der Dinge"},"content":{"rendered":"<p>Tja, im Moment ist es etwas ruhig geworden, was das Thema Bauen angeht &#8211; zumindest hier im Blog. Nat\u00fcrlich sprechen wir tagt\u00e4glich \u00fcber dies und das und diskutieren \u00fcber viele viele verschiedene Bauthemen. Dieses Wochenende werden wir uns mal wieder auf den Weg machen, uns zum Thema &#8222;K\u00fcche&#8220; inspirieren zu lassen. Mal sehen, ob wir f\u00fcndig werden oder ob wir zumindestens eine grobe Richtung festlegen k\u00f6nnen, denn wenn wir den Termin mit dem Architekten haben, sollten wir schon wissen, wie die K\u00fcche aussieht, damit man das kleine seitliche Fenster auch an der richtigen Position plant.<\/p>\n<p>Diese Woche habe ich auch wieder mal mit Thorsten telefoniert, der uns mal wieder mit vielen brauchbaren Tipps &#8222;gef\u00fcttert&#8220; hat. Wir sind immer noch begeistert, dass er uns so gut unterst\u00fctzt.<\/p>\n<p>Am Dienstag sind wir nochmals flott am Grundst\u00fcck vorbei gefahren und haben gesehen, dass unser Grundst\u00fccksverk\u00e4ufer so nett war und noch einen weiteren Pfahl &#8222;ins Feld&#8220; mittig gesetzt hat, damit der Bauer, der den Acker nebenan bestellt, nicht auch noch auf unserem Grundst\u00fcck eins\u00e4t. Das w\u00e4re dann eine sch\u00f6ne &#8222;Sauerei&#8220; und die Arbeit kann man sich ja schlie\u00dflich sparen. Es sah n\u00e4mlich gef\u00e4hrlich danach aus, dass das passieren k\u00f6nnte, da er zuvor auch auf unserem Grundst\u00fcck den Boden bearbeitet hatte.<\/p>\n<p>Zu Hause in unserer aktuellen Wohnung \u00e4rgern wir uns im Moment viel \u00fcber unseren Vermieter, der einfach irgendwelche Umbauten vornimmt ohne es n\u00f6tig zu haben, uns entsprechend vorher dar\u00fcber zu informieren. Da kommt man Abends von der Arbeit nach Hause und kann nicht mehr in die Garage oder wie gestern Abend sogar noch nicht mal mehr ins Haus&#8230; Unglaublich! Wir sind echt froh, wenn wir hier aus der Wohnung ausziehen k\u00f6nnen. Was das angeht k\u00f6nnen wir es kaum erwarten nach Fronhoven zu ziehen. Aber bis dahin ist es noch ein langer Weg&#8230;<\/p>\n","protected":false},"excerpt":{"rendered":"<p>Tja, im Moment ist es etwas ruhig geworden, was das Thema Bauen angeht &#8211; zumindest hier im Blog. Nat\u00fcrlich sprechen wir tagt\u00e4glich \u00fcber dies und das und diskutieren \u00fcber viele viele verschiedene Bauthemen. Dieses Wochenende werden wir uns mal wieder auf den Weg machen, uns zum Thema &#8222;K\u00fcche&#8220; inspirieren zu lassen. Mal sehen, ob wir [&hellip;]<\/p>\n","protected":false},"author":1,"featured_media":0,"comment_status":"open","ping_status":"closed","sticky":false,"template":"","format":"standard","meta":{"ngg_post_thumbnail":0,"jetpack_post_was_ever_published":false,"_jetpack_newsletter_access":"","_jetpack_dont_email_post_to_subs":false,"_jetpack_newsletter_tier_id":0,"_jetpack_memberships_contains_paywalled_content":false,"_jetpack_memberships_contains_paid_content":false,"footnotes":""},"categories":[1,72,9,18,96],"tags":[6482,12,149,19,6476,5,6484,151,31,153,150,3],"class_list":["post-442","post","type-post","status-publish","format-standard","hentry","category-allgemein","category-architekt","category-gedanken","category-grundstuck","category-kuche","tag-architekt","tag-bauen","tag-fenster","tag-fronhoven","tag-grundstuck","tag-haus-bauen","tag-kuche","tag-pfahl","tag-verkaufer","tag-vermieter","tag-wochenende","tag-wohnung"],"jetpack_featured_media_url":"","jetpack_sharing_enabled":true,"jetpack_shortlink":"https:\/\/wp.me\/pRK4T-78","_links":{"self":[{"href":"https:\/\/jennyundmarcel.de\/index.php?rest_route=\/wp\/v2\/posts\/442","targetHints":{"allow":["GET"]}}],"collection":[{"href":"https:\/\/jennyundmarcel.de\/index.php?rest_route=\/wp\/v2\/posts"}],"about":[{"href":"https:\/\/jennyundmarcel.de\/index.php?rest_route=\/wp\/v2\/types\/post"}],"author":[{"embeddable":true,"href":"https:\/\/jennyundmarcel.de\/index.php?rest_route=\/wp\/v2\/users\/1"}],"replies":[{"embeddable":true,"href":"https:\/\/jennyundmarcel.de\/index.php?rest_route=%2Fwp%2Fv2%2Fcomments&post=442"}],"version-history":[{"count":8,"href":"https:\/\/jennyundmarcel.de\/index.php?rest_route=\/wp\/v2\/posts\/442\/revisions"}],"predecessor-version":[{"id":445,"href":"https:\/\/jennyundmarcel.de\/index.php?rest_route=\/wp\/v2\/posts\/442\/revisions\/445"}],"wp:attachment":[{"href":"https:\/\/jennyundmarcel.de\/index.php?rest_route=%2Fwp%2Fv2%2Fmedia&parent=442"}],"wp:term":[{"taxonomy":"category","embeddable":true,"href":"https:\/\/jennyundmarcel.de\/index.php?rest_route=%2Fwp%2Fv2%2Fcategories&post=442"},{"taxonomy":"post_tag","embeddable":true,"href":"https:\/\/jennyundmarcel.de\/index.php?rest_route=%2Fwp%2Fv2%2Ftags&post=442"}],"curies":[{"name":"wp","href":"https:\/\/api.w.org\/{rel}","templated":true}]}}