{"id":480,"date":"2010-05-26T22:09:53","date_gmt":"2010-05-26T20:09:53","guid":{"rendered":"http:\/\/www.jennyundmarcel.de\/wordpress\/?p=480"},"modified":"2010-05-26T22:09:53","modified_gmt":"2010-05-26T20:09:53","slug":"kucheninspirationen-2","status":"publish","type":"post","link":"https:\/\/jennyundmarcel.de\/?p=480","title":{"rendered":"K\u00fccheninspirationen 2"},"content":{"rendered":"<p>Wir sind zwar noch im Urlaub, aber das Thema &#8222;Hausbau&#8220; und &#8222;K\u00fcche&#8220; l\u00e4\u00dft uns hier nat\u00fcrlich auch nicht in Ruhe &#8211; wollen wir aber auch gar nicht&#8230; Da heute das Wetter ausnahmsweise mal nicht sooo gut gewesen ist, haben wir uns ins Auto gesetzt und sind mal nach IKEA ged\u00fcst. Dort haben wir uns mal verschiedene K\u00fcchen angeguckt. Aber das war nicht der urspr\u00fcngliche Grund f\u00fcr unseren Besuch des Schwedischen M\u00f6belhauses. IKEA bietet eine sch\u00f6ne M\u00f6glichkeit seine eigene Traumk\u00fcche &#8222;zusammen zu basteln&#8220;. Haben wir dann auch mal an einem der vielen Terminals gemacht &#8211; und das sogar ganze zwei Stunden lang. Dabei ist nun eine wirklich sehr sch\u00f6ne K\u00fcche herausgekommen. Das 3D-Modell bietet eine wirklich gute M\u00f6glichkeit, sich das geplante Resultat mal in einer virtuellen Umgebung anzusehen. Und das sogar in seinen eigenen vier W\u00e4nden, weil man die Raumgr\u00f6\u00dfe, Fenster etc. mit angeben kann.<\/p>\n<p>Unsere geplante K\u00fcche wird eine Halbinsel mit Kochstelle haben, welche die offene K\u00fcche vom Esszimmer abtrennt. Au\u00dferdem wird auf der gegen\u00fcberliegenden Seite ein Hochschrank stehen, in dem sich die Mikrowelle, der Backofen und der K\u00fchlschrank befinden.<\/p>\n<p>Jetzt m\u00fcssen wir uns nur noch verschiedene Angebote herein holen und das passende f\u00fcr uns finden.<\/p>\n","protected":false},"excerpt":{"rendered":"<p>Wir sind zwar noch im Urlaub, aber das Thema &#8222;Hausbau&#8220; und &#8222;K\u00fcche&#8220; l\u00e4\u00dft uns hier nat\u00fcrlich auch nicht in Ruhe &#8211; wollen wir aber auch gar nicht&#8230; Da heute das Wetter ausnahmsweise mal nicht sooo gut gewesen ist, haben wir uns ins Auto gesetzt und sind mal nach IKEA ged\u00fcst. Dort haben wir uns mal [&hellip;]<\/p>\n","protected":false},"author":1,"featured_media":0,"comment_status":"open","ping_status":"closed","sticky":false,"template":"","format":"standard","meta":{"ngg_post_thumbnail":0,"jetpack_post_was_ever_published":false,"_jetpack_newsletter_access":"","_jetpack_dont_email_post_to_subs":false,"_jetpack_newsletter_tier_id":0,"_jetpack_memberships_contains_paywalled_content":false,"_jetpack_memberships_contains_paid_content":false,"footnotes":""},"categories":[1,9,96],"tags":[208,168,12,166,149,210,5,213,99,34,211,6484,169,214,158,212,195,209],"class_list":["post-480","post","type-post","status-publish","format-standard","hentry","category-allgemein","category-gedanken","category-kuche","tag-3d-modell","tag-backofen","tag-bauen","tag-esszimmer","tag-fenster","tag-halbinsel","tag-haus-bauen","tag-hochschrank","tag-ikea","tag-kalkulation","tag-kochstelle","tag-kuche","tag-kuhlschrank","tag-mikrowelle","tag-mobelhaus","tag-offene-kuche","tag-raumgrose","tag-urlaub"],"jetpack_featured_media_url":"","jetpack_sharing_enabled":true,"jetpack_shortlink":"https:\/\/wp.me\/pRK4T-7K","_links":{"self":[{"href":"https:\/\/jennyundmarcel.de\/index.php?rest_route=\/wp\/v2\/posts\/480","targetHints":{"allow":["GET"]}}],"collection":[{"href":"https:\/\/jennyundmarcel.de\/index.php?rest_route=\/wp\/v2\/posts"}],"about":[{"href":"https:\/\/jennyundmarcel.de\/index.php?rest_route=\/wp\/v2\/types\/post"}],"author":[{"embeddable":true,"href":"https:\/\/jennyundmarcel.de\/index.php?rest_route=\/wp\/v2\/users\/1"}],"replies":[{"embeddable":true,"href":"https:\/\/jennyundmarcel.de\/index.php?rest_route=%2Fwp%2Fv2%2Fcomments&post=480"}],"version-history":[{"count":2,"href":"https:\/\/jennyundmarcel.de\/index.php?rest_route=\/wp\/v2\/posts\/480\/revisions"}],"predecessor-version":[{"id":482,"href":"https:\/\/jennyundmarcel.de\/index.php?rest_route=\/wp\/v2\/posts\/480\/revisions\/482"}],"wp:attachment":[{"href":"https:\/\/jennyundmarcel.de\/index.php?rest_route=%2Fwp%2Fv2%2Fmedia&parent=480"}],"wp:term":[{"taxonomy":"category","embeddable":true,"href":"https:\/\/jennyundmarcel.de\/index.php?rest_route=%2Fwp%2Fv2%2Fcategories&post=480"},{"taxonomy":"post_tag","embeddable":true,"href":"https:\/\/jennyundmarcel.de\/index.php?rest_route=%2Fwp%2Fv2%2Ftags&post=480"}],"curies":[{"name":"wp","href":"https:\/\/api.w.org\/{rel}","templated":true}]}}