{"id":666,"date":"2010-07-27T12:11:18","date_gmt":"2010-07-27T10:11:18","guid":{"rendered":"http:\/\/www.jennyundmarcel.de\/wordpress\/?p=666"},"modified":"2010-07-29T10:06:18","modified_gmt":"2010-07-29T08:06:18","slug":"bauantrag-abgegeben","status":"publish","type":"post","link":"https:\/\/jennyundmarcel.de\/?p=666","title":{"rendered":"Bauantrag abgegeben"},"content":{"rendered":"<p><a rel=\"attachment wp-att-674\" href=\"https:\/\/jennyundmarcel.de\/wordpress\/?attachment_id=674\"><img loading=\"lazy\" decoding=\"async\" class=\"size-medium wp-image-674 alignright\" style=\"border: 0pt none; margin-top: 10px; margin-bottom: 10px;\" title=\"Rathaus der Stadt Eschweiler\" src=\"https:\/\/jennyundmarcel.de\/wordpress\/wp-content\/uploads\/2010\/07\/Rathaus-der-Stadt-Eschweiler-300x118.jpg\" alt=\"Schriftzug Rathaus der Stadt Eschweiler\" width=\"180\" height=\"71\" srcset=\"https:\/\/jennyundmarcel.de\/wp-content\/uploads\/2010\/07\/Rathaus-der-Stadt-Eschweiler-300x118.jpg 300w, https:\/\/jennyundmarcel.de\/wp-content\/uploads\/2010\/07\/Rathaus-der-Stadt-Eschweiler-150x59.jpg 150w, https:\/\/jennyundmarcel.de\/wp-content\/uploads\/2010\/07\/Rathaus-der-Stadt-Eschweiler-500x198.jpg 500w, https:\/\/jennyundmarcel.de\/wp-content\/uploads\/2010\/07\/Rathaus-der-Stadt-Eschweiler.jpg 1219w\" sizes=\"auto, (max-width: 180px) 100vw, 180px\" \/><\/a>Nachdem wir am vergangenen Freitag die gesamten Unterlagen von ProHaus erhalten haben und die letzten Fragen gestern telefonisch gekl\u00e4rt werden konnten und wir gestern Abend eine halbe Stunde lang alle Belege unterschrieben haben, war ich heute Morgen bei der Stadt Eschweiler in der Bauordnungsabteilung, um dort unseren Bauantrag abzugeben. Bei der Stadt Eschweiler scheinen irgendwie alle Leute total nett zu sein, was f\u00fcr eine Stadtverwaltung doch recht ungew\u00f6hnlich ist. Aber bisher hatten wir immer pers\u00f6nlich mit netten Leuten zu tun. So macht das Ganze auch viel mehr Spa\u00df&#8230;<\/p>\n<p><a rel=\"attachment wp-att-668\" href=\"https:\/\/jennyundmarcel.de\/wordpress\/?attachment_id=668\"><img loading=\"lazy\" decoding=\"async\" class=\"alignleft size-medium wp-image-668\" style=\"border: 0pt none; margin: 10px;\" title=\"Stadtverwaltung Eschweiler\" src=\"https:\/\/jennyundmarcel.de\/wordpress\/wp-content\/uploads\/2010\/07\/DSC00539-300x168.jpg\" alt=\"Eingang Stadtverwaltung Eschweiler\" width=\"300\" height=\"168\" srcset=\"https:\/\/jennyundmarcel.de\/wp-content\/uploads\/2010\/07\/DSC00539-300x168.jpg 300w, https:\/\/jennyundmarcel.de\/wp-content\/uploads\/2010\/07\/DSC00539-150x84.jpg 150w, https:\/\/jennyundmarcel.de\/wp-content\/uploads\/2010\/07\/DSC00539-500x281.jpg 500w\" sizes=\"auto, (max-width: 300px) 100vw, 300px\" \/><\/a>Jetzt m\u00fcssen wir nur noch die Bescheinigung des Eingangs der Baugenehmigung (O-Ton: &#8222;mit gr\u00fcnem Punkt&#8220; &#8211; was immer das zu bedeuten hat) abwarten. Danach d\u00fcrfen wir nach 14 Tagen quasi mit dem Bau beginnen. Das ist durch die ebenfalls beantragte Mitteilung nach \u00a7 67 Abs. 2 Satz 3 BauO NRW m\u00f6glich. Dieser Antrag ist nat\u00fcrlich wiederum geb\u00fchrenpflichtig. In unserem Fall werden daf\u00fcr 50,&#8211; \u20acuro anfallen.<\/p>\n<p>Jetzt hoffen wir einfach mal, dass die Unterlagen vollst\u00e4ndig und korrekt sind, damit wir z\u00fcgig mit dem Bau beginnen k\u00f6nnen.<\/p>\n","protected":false},"excerpt":{"rendered":"<p>Nachdem wir am vergangenen Freitag die gesamten Unterlagen von ProHaus erhalten haben und die letzten Fragen gestern telefonisch gekl\u00e4rt werden konnten und wir gestern Abend eine halbe Stunde lang alle Belege unterschrieben haben, war ich heute Morgen bei der Stadt Eschweiler in der Bauordnungsabteilung, um dort unseren Bauantrag abzugeben. Bei der Stadt Eschweiler scheinen irgendwie [&hellip;]<\/p>\n","protected":false},"author":1,"featured_media":0,"comment_status":"open","ping_status":"closed","sticky":false,"template":"","format":"standard","meta":{"ngg_post_thumbnail":0,"jetpack_post_was_ever_published":false,"_jetpack_newsletter_access":"","_jetpack_dont_email_post_to_subs":false,"_jetpack_newsletter_tier_id":0,"_jetpack_memberships_contains_paywalled_content":false,"_jetpack_memberships_contains_paid_content":false,"footnotes":""},"categories":[1,559,9,18,30],"tags":[540,401,538,541,542,536,534,537,543,539,193,6477,533,302,535],"class_list":["post-666","post","type-post","status-publish","format-standard","hentry","category-allgemein","category-behorde","category-gedanken","category-grundstuck","category-prohaus","tag-540","tag-bauantrag","tag-baugenehmigung","tag-bauo","tag-bauordnung","tag-bauordnungsabteilung","tag-belege","tag-bescheinigung","tag-gebuhrenpflichtig","tag-gruner-punkt","tag-nrw","tag-prohaus","tag-stadt-eschweiler","tag-unterlagen","tag-unterschreiben"],"jetpack_featured_media_url":"","jetpack_sharing_enabled":true,"jetpack_shortlink":"https:\/\/wp.me\/pRK4T-aK","_links":{"self":[{"href":"https:\/\/jennyundmarcel.de\/index.php?rest_route=\/wp\/v2\/posts\/666","targetHints":{"allow":["GET"]}}],"collection":[{"href":"https:\/\/jennyundmarcel.de\/index.php?rest_route=\/wp\/v2\/posts"}],"about":[{"href":"https:\/\/jennyundmarcel.de\/index.php?rest_route=\/wp\/v2\/types\/post"}],"author":[{"embeddable":true,"href":"https:\/\/jennyundmarcel.de\/index.php?rest_route=\/wp\/v2\/users\/1"}],"replies":[{"embeddable":true,"href":"https:\/\/jennyundmarcel.de\/index.php?rest_route=%2Fwp%2Fv2%2Fcomments&post=666"}],"version-history":[{"count":20,"href":"https:\/\/jennyundmarcel.de\/index.php?rest_route=\/wp\/v2\/posts\/666\/revisions"}],"predecessor-version":[{"id":745,"href":"https:\/\/jennyundmarcel.de\/index.php?rest_route=\/wp\/v2\/posts\/666\/revisions\/745"}],"wp:attachment":[{"href":"https:\/\/jennyundmarcel.de\/index.php?rest_route=%2Fwp%2Fv2%2Fmedia&parent=666"}],"wp:term":[{"taxonomy":"category","embeddable":true,"href":"https:\/\/jennyundmarcel.de\/index.php?rest_route=%2Fwp%2Fv2%2Fcategories&post=666"},{"taxonomy":"post_tag","embeddable":true,"href":"https:\/\/jennyundmarcel.de\/index.php?rest_route=%2Fwp%2Fv2%2Ftags&post=666"}],"curies":[{"name":"wp","href":"https:\/\/api.w.org\/{rel}","templated":true}]}}