{"id":710,"date":"2010-07-28T21:16:59","date_gmt":"2010-07-28T19:16:59","guid":{"rendered":"http:\/\/www.jennyundmarcel.de\/wordpress\/?p=710"},"modified":"2010-07-29T10:05:28","modified_gmt":"2010-07-29T08:05:28","slug":"freistellungsverfahren-nach-%c2%a7-67-bauo-nrw-baustellenschild","status":"publish","type":"post","link":"https:\/\/jennyundmarcel.de\/?p=710","title":{"rendered":"Freistellungsverfahren nach \u00a7 67 BauO NRW &#038; Baustellenschild"},"content":{"rendered":"<p>Man sind die schnell. Am Dienstag Morgen habe ich bei der Stadt Eschweiler erst den Bauantrag in zweifacher Ausfertigung abgegeben und heute hatten wir schon wieder Post von der Stadtverwaltung. Zum einen befand sich darin ein Geb\u00fchrenbescheid f\u00fcr das Freistellungsverfahren nach \u00a7 67 BauO NRW. Dabei handelt es sich um die sogenannte &#8222;Vorzeitige Mitteilung der Gemeinde, dass kein Genehmigungsverfahren durchgef\u00fchrt werden soll&#8220;. Uns wurde also wunschgem\u00e4\u00df mitgeteilt &#8211; ich zitiere, &#8222;dass seitens der Stadt Eschweiler nicht beabsichtigt ist, ein Baugenehmigungsverfahren durchzuf\u00fchren.&#8220;<\/p>\n<p style=\"text-align: left;\">Hurra! Und jetzt wissen wir auch, was mit dem &#8222;gr\u00fcnen Punkt&#8220; gemeint ist. Guckt es euch doch einfach selber mal an:<\/p>\n<p style=\"text-align: center;\"><a rel=\"attachment wp-att-724\" href=\"https:\/\/jennyundmarcel.de\/wordpress\/?attachment_id=724\"><img loading=\"lazy\" decoding=\"async\" class=\"aligncenter size-large wp-image-724\" style=\"border: 0pt none; margin: 12px;\" title=\"Baustellenschild entfremdet kleiner\" src=\"https:\/\/jennyundmarcel.de\/wordpress\/wp-content\/uploads\/2010\/07\/Baustellenschild-entfremdet-kleiner1-500x653.jpg\" alt=\"Baustellenschild entfremdet kleiner\" width=\"500\" height=\"653\" srcset=\"https:\/\/jennyundmarcel.de\/wp-content\/uploads\/2010\/07\/Baustellenschild-entfremdet-kleiner1-500x653.jpg 500w, https:\/\/jennyundmarcel.de\/wp-content\/uploads\/2010\/07\/Baustellenschild-entfremdet-kleiner1-114x150.jpg 114w, https:\/\/jennyundmarcel.de\/wp-content\/uploads\/2010\/07\/Baustellenschild-entfremdet-kleiner1-229x300.jpg 229w, https:\/\/jennyundmarcel.de\/wp-content\/uploads\/2010\/07\/Baustellenschild-entfremdet-kleiner1.jpg 1165w\" sizes=\"auto, (max-width: 500px) 100vw, 500px\" \/><\/a><\/p>\n<p style=\"text-align: left;\">Da die Stadt soooo schnell war, haben wir auch ganz flott die geforderten Geb\u00fchren (50,&#8211; \u20ac) \u00fcberwiesen &#8211; damit wir gar nicht erst aus der \u00dcbung kommen&#8230; Jetzt m\u00fcssen nur noch 14 Tage vergehen und wir d\u00fcrfen mit dem Bau beginnen. Das hei\u00dft fr\u00fchestens am 12. August k\u00f6nnte der Bagger kommen.<\/p>\n","protected":false},"excerpt":{"rendered":"<p>Man sind die schnell. Am Dienstag Morgen habe ich bei der Stadt Eschweiler erst den Bauantrag in zweifacher Ausfertigung abgegeben und heute hatten wir schon wieder Post von der Stadtverwaltung. Zum einen befand sich darin ein Geb\u00fchrenbescheid f\u00fcr das Freistellungsverfahren nach \u00a7 67 BauO NRW. Dabei handelt es sich um die sogenannte &#8222;Vorzeitige Mitteilung der [&hellip;]<\/p>\n","protected":false},"author":1,"featured_media":0,"comment_status":"open","ping_status":"closed","sticky":false,"template":"","format":"standard","meta":{"ngg_post_thumbnail":0,"jetpack_post_was_ever_published":false,"_jetpack_newsletter_access":"","_jetpack_dont_email_post_to_subs":false,"_jetpack_newsletter_tier_id":0,"_jetpack_memberships_contains_paywalled_content":false,"_jetpack_memberships_contains_paid_content":false,"footnotes":""},"categories":[1,72,559,18],"tags":[540,401,577,574,571,573,176,576,578,539,326,533,572,575],"class_list":["post-710","post","type-post","status-publish","format-standard","hentry","category-allgemein","category-architekt","category-behorde","category-grundstuck","tag-540","tag-bauantrag","tag-baugenehmigungsverfahren","tag-bauo-nrw","tag-baustellenschild","tag-freistellungsverfahren","tag-gebuhrenbescheid","tag-genehmigungsverfahren","tag-grunem-punkt","tag-gruner-punkt","tag-post","tag-stadt-eschweiler","tag-stadtverwaltung","tag-vorzeitige-mitteilung"],"jetpack_featured_media_url":"","jetpack_sharing_enabled":true,"jetpack_shortlink":"https:\/\/wp.me\/pRK4T-bs","_links":{"self":[{"href":"https:\/\/jennyundmarcel.de\/index.php?rest_route=\/wp\/v2\/posts\/710","targetHints":{"allow":["GET"]}}],"collection":[{"href":"https:\/\/jennyundmarcel.de\/index.php?rest_route=\/wp\/v2\/posts"}],"about":[{"href":"https:\/\/jennyundmarcel.de\/index.php?rest_route=\/wp\/v2\/types\/post"}],"author":[{"embeddable":true,"href":"https:\/\/jennyundmarcel.de\/index.php?rest_route=\/wp\/v2\/users\/1"}],"replies":[{"embeddable":true,"href":"https:\/\/jennyundmarcel.de\/index.php?rest_route=%2Fwp%2Fv2%2Fcomments&post=710"}],"version-history":[{"count":21,"href":"https:\/\/jennyundmarcel.de\/index.php?rest_route=\/wp\/v2\/posts\/710\/revisions"}],"predecessor-version":[{"id":741,"href":"https:\/\/jennyundmarcel.de\/index.php?rest_route=\/wp\/v2\/posts\/710\/revisions\/741"}],"wp:attachment":[{"href":"https:\/\/jennyundmarcel.de\/index.php?rest_route=%2Fwp%2Fv2%2Fmedia&parent=710"}],"wp:term":[{"taxonomy":"category","embeddable":true,"href":"https:\/\/jennyundmarcel.de\/index.php?rest_route=%2Fwp%2Fv2%2Fcategories&post=710"},{"taxonomy":"post_tag","embeddable":true,"href":"https:\/\/jennyundmarcel.de\/index.php?rest_route=%2Fwp%2Fv2%2Ftags&post=710"}],"curies":[{"name":"wp","href":"https:\/\/api.w.org\/{rel}","templated":true}]}}