{"id":890,"date":"2010-08-22T17:08:08","date_gmt":"2010-08-22T15:08:08","guid":{"rendered":"http:\/\/www.jennyundmarcel.de\/wordpress\/?p=890"},"modified":"2010-08-22T17:08:08","modified_gmt":"2010-08-22T15:08:08","slug":"briefkasten","status":"publish","type":"post","link":"https:\/\/jennyundmarcel.de\/?p=890","title":{"rendered":"Briefkasten"},"content":{"rendered":"<p><a rel=\"attachment wp-att-892\" href=\"https:\/\/jennyundmarcel.de\/wordpress\/?attachment_id=892\"><img loading=\"lazy\" decoding=\"async\" class=\"alignright size-medium wp-image-892\" style=\"border: 0pt none; margin: 15px;\" title=\"Briefkastenmuster\" src=\"https:\/\/jennyundmarcel.de\/wordpress\/wp-content\/uploads\/2010\/08\/Briefkasten-179x300.jpg\" alt=\"Briefkastenmuster montiert bei uns in der Stra\u00dfe\" width=\"179\" height=\"300\" srcset=\"https:\/\/jennyundmarcel.de\/wp-content\/uploads\/2010\/08\/Briefkasten-179x300.jpg 179w, https:\/\/jennyundmarcel.de\/wp-content\/uploads\/2010\/08\/Briefkasten-89x150.jpg 89w, https:\/\/jennyundmarcel.de\/wp-content\/uploads\/2010\/08\/Briefkasten-500x836.jpg 500w, https:\/\/jennyundmarcel.de\/wp-content\/uploads\/2010\/08\/Briefkasten.jpg 1208w\" sizes=\"auto, (max-width: 179px) 100vw, 179px\" \/><\/a>Tja, ich glaube, ich habe mich jetzt schon f\u00fcr einen Briefkasten entschieden. Durch unserer Touren durch die Baum\u00e4rkte hatten wir ja schon den einen oder anderen Briefkasten vor der Linse bzw. in der Hand. Am besten hat mir dabei immer ein leicht gebogener Edelstahlbriefkasten von Burg W\u00e4chter oder von portaferm gefallen. Das Top-Modell von Burg W\u00e4chter kostet bei OBI ca. 270,&#8211; \u20ac (Jenny hat im Internet das gleiche Modell jedoch schon f\u00fcr 189,&#8211; \u20ac gefunden!!) und hat eine Diebstahlsicherung und ist innenbeleuchtet. Das muss es nat\u00fcrlich nicht sein. Den Preis finden wir beide auch etwas happig&#8230; Was ich pers\u00f6nlich sch\u00f6n an dem Briefkasten finde ist neben dem Aussehen und der Form, das integrierte Zeitungsfach. So wird die Post, die sich im Briefkasten befindet nicht von einer Zeitung zerdr\u00fcckt und man muss kein separates Zeitungsfach aufh\u00e4ngen. Rechts seht Ihr mal ein Foto von dem Briefkasten, montiert an einem Haus bei uns in der Stra\u00dfe (welches Fabrikat das nun explizit in diesem Beispiel ist, wei\u00df ich nat\u00fcrlich nicht).<\/p>\n<p>Wir haben auch von der Firma Rottner den selben Briefkasten (zumindestens vom Aussehen her) gefunden. Bei Rottner hei\u00dft er &#8222;Eleganza&#8220; und bei Burg W\u00e4chter &#8222;Verona&#8220;. Na, gef\u00e4llt er euch?<\/p>\n","protected":false},"excerpt":{"rendered":"<p>Tja, ich glaube, ich habe mich jetzt schon f\u00fcr einen Briefkasten entschieden. Durch unserer Touren durch die Baum\u00e4rkte hatten wir ja schon den einen oder anderen Briefkasten vor der Linse bzw. in der Hand. Am besten hat mir dabei immer ein leicht gebogener Edelstahlbriefkasten von Burg W\u00e4chter oder von portaferm gefallen. Das Top-Modell von Burg [&hellip;]<\/p>\n","protected":false},"author":1,"featured_media":0,"comment_status":"open","ping_status":"closed","sticky":false,"template":"","format":"standard","meta":{"ngg_post_thumbnail":0,"jetpack_post_was_ever_published":false,"_jetpack_newsletter_access":"","_jetpack_dont_email_post_to_subs":false,"_jetpack_newsletter_tier_id":0,"_jetpack_memberships_contains_paywalled_content":false,"_jetpack_memberships_contains_paid_content":false,"footnotes":""},"categories":[1,80,9],"tags":[6483,548,832,834,170,831,839,830,835,789,833,326,838,837,840,836],"class_list":["post-890","post","type-post","status-publish","format-standard","hentry","category-allgemein","category-baumarkt","category-gedanken","tag-baumarkt","tag-briefkasten","tag-burg-wachter","tag-diebstahlsicherung","tag-edelstahl","tag-edelstahlbriefkasten","tag-eleganza","tag-gebogen","tag-innenbeleuchtet","tag-obi","tag-portaferm","tag-post","tag-rottner","tag-separat","tag-verona","tag-zeitungsfach"],"jetpack_featured_media_url":"","jetpack_sharing_enabled":true,"jetpack_shortlink":"https:\/\/wp.me\/pRK4T-em","_links":{"self":[{"href":"https:\/\/jennyundmarcel.de\/index.php?rest_route=\/wp\/v2\/posts\/890","targetHints":{"allow":["GET"]}}],"collection":[{"href":"https:\/\/jennyundmarcel.de\/index.php?rest_route=\/wp\/v2\/posts"}],"about":[{"href":"https:\/\/jennyundmarcel.de\/index.php?rest_route=\/wp\/v2\/types\/post"}],"author":[{"embeddable":true,"href":"https:\/\/jennyundmarcel.de\/index.php?rest_route=\/wp\/v2\/users\/1"}],"replies":[{"embeddable":true,"href":"https:\/\/jennyundmarcel.de\/index.php?rest_route=%2Fwp%2Fv2%2Fcomments&post=890"}],"version-history":[{"count":4,"href":"https:\/\/jennyundmarcel.de\/index.php?rest_route=\/wp\/v2\/posts\/890\/revisions"}],"predecessor-version":[{"id":895,"href":"https:\/\/jennyundmarcel.de\/index.php?rest_route=\/wp\/v2\/posts\/890\/revisions\/895"}],"wp:attachment":[{"href":"https:\/\/jennyundmarcel.de\/index.php?rest_route=%2Fwp%2Fv2%2Fmedia&parent=890"}],"wp:term":[{"taxonomy":"category","embeddable":true,"href":"https:\/\/jennyundmarcel.de\/index.php?rest_route=%2Fwp%2Fv2%2Fcategories&post=890"},{"taxonomy":"post_tag","embeddable":true,"href":"https:\/\/jennyundmarcel.de\/index.php?rest_route=%2Fwp%2Fv2%2Ftags&post=890"}],"curies":[{"name":"wp","href":"https:\/\/api.w.org\/{rel}","templated":true}]}}